{"id":300,"date":"2008-08-27T08:00:00","date_gmt":"2008-08-27T07:00:00","guid":{"rendered":"http:\/\/tv-tregor.com\/web-precedent\/2008\/08\/27\/aucune-ride-pour-les-vieux-metiers-de-tregrom-355\/"},"modified":"2008-08-27T08:00:00","modified_gmt":"2008-08-27T07:00:00","slug":"aucune-ride-pour-les-vieux-metiers-de-tregrom-355","status":"publish","type":"post","link":"https:\/\/tv-tregor.com\/web-precedent\/2008\/08\/27\/aucune-ride-pour-les-vieux-metiers-de-tregrom-355\/","title":{"rendered":"Aucune ride pour les vieux m\u00e9tiers de Tr\u00e9grom &#8211; 3&rsquo;55"},"content":{"rendered":"<p><a href=\"https:\/\/tv-tregor.com\/web-precedent\/www\/streams\/vieuxmetiers.html\" title=\"Regarder le sujet\">Regarder la vid\u00e9o <\/a><\/p>\n<p><a href=\"http:\/\/www.tv-tregor.com\/web-precedent\/www\/streams\/vieuxmetiers.html\" title=\"Regarder le sujet\"><img decoding=\"async\" src=\"https:\/\/tv-tregor.com\/web-precedent\/IMG\/jpg\/vieuxmetiersg.jpg\" alt=\"vieuxmetiersg.jpg\" align=\"center\" \/><\/a> <\/p>\n<p> <BR>   Fileuse de laine, brodeuse, sabotier, mar\u00e9chal ferrant, vannier &#8230; s&rsquo;\u00e9taient donn\u00e9s rendez-vous \u00e0 Tr\u00e9grom en ce jour normalement ch\u00f4m\u00e9, le dimanche 10 ao\u00fbt, pour exposer leurs ouvrages et m\u00eame plus, pr\u00e9senter leurs techniques parfois ancestrales aux passants venus s&rsquo;instruire.   Retour dans le pass\u00e9 avec Jacques Cerutti et Khaleb<\/p>\n","protected":false},"excerpt":{"rendered":"<p><a href=\"https:\/\/tv-tregor.com\/web-precedent\/www\/streams\/vieuxmetiers.html\" title=\"Regarder le sujet\">Regarder la vid\u00e9o <\/a><\/p>\n<p><a href=\"http:\/\/www.tv-tregor.com\/web-precedent\/www\/streams\/vieuxmetiers.html\" title=\"Regarder le sujet\"><img decoding=\"async\" src=\"https:\/\/tv-tregor.com\/web-precedent\/IMG\/jpg\/vieuxmetiersg.jpg\" alt=\"vieuxmetiersg.jpg\" align=\"center\" \/><\/a> <\/p>\n<p> <BR> Fileuse de laine, brodeuse, sabotier, mar\u00e9chal ferrant, vannier &#8230; s&rsquo;\u00e9taient donn\u00e9s rendez-vous \u00e0 Tr\u00e9grom en ce jour normalement ch\u00f4m\u00e9,  \u2026  <a href=\"https:\/\/tv-tregor.com\/web-precedent\/2008\/08\/27\/aucune-ride-pour-les-vieux-metiers-de-tregrom-355\/\">&#8230;lire le sujet&#8230; <span class=\"meta-nav\">&rarr; <\/span><\/a><\/p>\n","protected":false},"author":1,"featured_media":0,"comment_status":"open","ping_status":"open","sticky":false,"template":"","format":"standard","meta":{"footnotes":""},"categories":[23],"tags":[],"class_list":["post-300","post","type-post","status-publish","format-standard","hentry","category-patrimoine"],"_links":{"self":[{"href":"https:\/\/tv-tregor.com\/web-precedent\/wp-json\/wp\/v2\/posts\/300","targetHints":{"allow":["GET"]}}],"collection":[{"href":"https:\/\/tv-tregor.com\/web-precedent\/wp-json\/wp\/v2\/posts"}],"about":[{"href":"https:\/\/tv-tregor.com\/web-precedent\/wp-json\/wp\/v2\/types\/post"}],"author":[{"embeddable":true,"href":"https:\/\/tv-tregor.com\/web-precedent\/wp-json\/wp\/v2\/users\/1"}],"replies":[{"embeddable":true,"href":"https:\/\/tv-tregor.com\/web-precedent\/wp-json\/wp\/v2\/comments?post=300"}],"version-history":[{"count":0,"href":"https:\/\/tv-tregor.com\/web-precedent\/wp-json\/wp\/v2\/posts\/300\/revisions"}],"wp:attachment":[{"href":"https:\/\/tv-tregor.com\/web-precedent\/wp-json\/wp\/v2\/media?parent=300"}],"wp:term":[{"taxonomy":"category","embeddable":true,"href":"https:\/\/tv-tregor.com\/web-precedent\/wp-json\/wp\/v2\/categories?post=300"},{"taxonomy":"post_tag","embeddable":true,"href":"https:\/\/tv-tregor.com\/web-precedent\/wp-json\/wp\/v2\/tags?post=300"}],"curies":[{"name":"wp","href":"https:\/\/api.w.org\/{rel}","templated":true}]}}