{"id":297,"date":"2008-08-13T08:05:00","date_gmt":"2008-08-13T07:05:00","guid":{"rendered":"http:\/\/tv-tregor.com\/web-precedent\/2008\/08\/13\/danse-des-corps-et-des-coeurs-531\/"},"modified":"2008-08-13T08:05:00","modified_gmt":"2008-08-13T07:05:00","slug":"danse-des-corps-et-des-coeurs-531","status":"publish","type":"post","link":"https:\/\/tv-tregor.com\/web-precedent\/2008\/08\/13\/danse-des-corps-et-des-coeurs-531\/","title":{"rendered":"Danse des corps et des coeurs &#8211; 5&rsquo;31"},"content":{"rendered":"<p><a href=\"https:\/\/tv-tregor.com\/web-precedent\/www\/streams\/tango.html\" title=\"Regarder le sujet\">Regarder la vid\u00e9o <\/a><\/p>\n<p><a href=\"http:\/\/www.tv-tregor.com\/web-precedent\/www\/streams\/tango.html\" title=\"Regarder le sujet\"><img decoding=\"async\" src=\"https:\/\/tv-tregor.com\/web-precedent\/IMG\/jpg\/tangog.jpg\" alt=\"tangog.jpg\" align=\"center\" \/><\/a> <\/p>\n<p> <BR>  A l&rsquo;occasion du festival \u00ab\u00a0Tango par la c\u00f4te\u00a0\u00bb nous avons voulu d\u00e9couvrir les origines de cette danse, \u00e0 la fois sensuelle et violente. Et pour cela, un petit d\u00e9tour du c\u00f4t\u00e9 de Buenos Aires en Argentine s&rsquo;impose. Car le centre n\u00e9vralgique du Tango reste et restera \u00e0 jamais les quartiers bordant le fleuve d&rsquo;argent ou Rio de la Plata, que sont San Telmo ou encore la Boca.   Provenant des bas-fonds argentins, le Tango a gard\u00e9 durant les premiers temps une connotation immorale au sein de la \u00ab\u00a0bonne soci\u00e9t\u00e9\u00a0\u00bb de la capitale.   C&rsquo;est donc \u00e0 Paris o\u00f9 la population, cosmopolite et \u00e0 l&rsquo;aff\u00fbt de toutes nouveaut\u00e9s pour s&rsquo;\u00e9gayer, que cette danse des bouges et tripots va acqu\u00e9rir ses lettres de noblesse. Par la suite, le Tango va vivre des p\u00e9riodes de haut et de bas jusque dans les ann\u00e9es 90 o\u00f9 une lente renaissance de cette danse provocante et charnelle se fait sentir&#8230;   Pas de doute donc qu&rsquo;elle parvienne en Bretagne o\u00f9 l&rsquo;esprit des tangeros flotte dans les airs.<\/p>\n","protected":false},"excerpt":{"rendered":"<p><a href=\"https:\/\/tv-tregor.com\/web-precedent\/www\/streams\/tango.html\" title=\"Regarder le sujet\">Regarder la vid\u00e9o <\/a><\/p>\n<p><a href=\"http:\/\/www.tv-tregor.com\/web-precedent\/www\/streams\/tango.html\" title=\"Regarder le sujet\"><img decoding=\"async\" src=\"https:\/\/tv-tregor.com\/web-precedent\/IMG\/jpg\/tangog.jpg\" alt=\"tangog.jpg\" align=\"center\" \/><\/a> <\/p>\n<p> <BR> A l&rsquo;occasion du festival \u00ab\u00a0Tango par la c\u00f4te\u00a0\u00bb nous avons voulu d\u00e9couvrir les origines de cette danse, \u00e0 la  \u2026  <a href=\"https:\/\/tv-tregor.com\/web-precedent\/2008\/08\/13\/danse-des-corps-et-des-coeurs-531\/\">&#8230;lire le sujet&#8230; <span class=\"meta-nav\">&rarr; <\/span><\/a><\/p>\n","protected":false},"author":1,"featured_media":0,"comment_status":"open","ping_status":"open","sticky":false,"template":"","format":"standard","meta":{"footnotes":""},"categories":[17],"tags":[],"class_list":["post-297","post","type-post","status-publish","format-standard","hentry","category-loisirs"],"_links":{"self":[{"href":"https:\/\/tv-tregor.com\/web-precedent\/wp-json\/wp\/v2\/posts\/297","targetHints":{"allow":["GET"]}}],"collection":[{"href":"https:\/\/tv-tregor.com\/web-precedent\/wp-json\/wp\/v2\/posts"}],"about":[{"href":"https:\/\/tv-tregor.com\/web-precedent\/wp-json\/wp\/v2\/types\/post"}],"author":[{"embeddable":true,"href":"https:\/\/tv-tregor.com\/web-precedent\/wp-json\/wp\/v2\/users\/1"}],"replies":[{"embeddable":true,"href":"https:\/\/tv-tregor.com\/web-precedent\/wp-json\/wp\/v2\/comments?post=297"}],"version-history":[{"count":0,"href":"https:\/\/tv-tregor.com\/web-precedent\/wp-json\/wp\/v2\/posts\/297\/revisions"}],"wp:attachment":[{"href":"https:\/\/tv-tregor.com\/web-precedent\/wp-json\/wp\/v2\/media?parent=297"}],"wp:term":[{"taxonomy":"category","embeddable":true,"href":"https:\/\/tv-tregor.com\/web-precedent\/wp-json\/wp\/v2\/categories?post=297"},{"taxonomy":"post_tag","embeddable":true,"href":"https:\/\/tv-tregor.com\/web-precedent\/wp-json\/wp\/v2\/tags?post=297"}],"curies":[{"name":"wp","href":"https:\/\/api.w.org\/{rel}","templated":true}]}}