{"id":29,"date":"2004-11-25T08:55:52","date_gmt":"2004-11-25T07:55:52","guid":{"rendered":"http:\/\/tv-tregor.com\/web-precedent\/2004\/11\/25\/le-malaise-des-producteurs-legumiers-du-tregor-goelo-430\/"},"modified":"2016-01-19T15:37:15","modified_gmt":"2016-01-19T14:37:15","slug":"le-malaise-des-producteurs-legumiers-du-tregor-goelo-430","status":"publish","type":"post","link":"https:\/\/tv-tregor.com\/web-precedent\/2004\/11\/25\/le-malaise-des-producteurs-legumiers-du-tregor-goelo-430\/","title":{"rendered":"Le malaise des producteurs l\u00e9gumiers du Tr\u00e9gor Go\u00eblo &#8211; 4&rsquo;30"},"content":{"rendered":"<p><a title=\"Regarder le sujet\" href=\"https:\/\/tv-tregor.com\/web-precedent\/www\/streams\/legumiers.html\">Regarder la vid\u00e9o<\/a><\/p>\n<p><a title=\"Regarder le sujet\" href=\"http:\/\/www.tv-tregor.com\/web-precedent\/www\/streams\/legumiers.html\"><img decoding=\"async\" src=\"https:\/\/tv-tregor.com\/web-precedent\/IMG\/jpg\/photo-manif.jpg\" alt=\"photo-manif.jpg\" align=\"center\" \/><\/a><\/p>\n<p>Le dimanche 21 novembre 2004, \u00e0 Guingamp, les producteurs l\u00e9gumiers se sont mobilis\u00e9s pour la lib\u00e9ration de leur coll\u00e8gue Gilbert Brouder, incarc\u00e9r\u00e9 depuis 11 jours \u00e0 la suite de la s\u00e9questration de gendarmes \u00e0 Tr\u00e9guier.Cette mobilisation prolonge un mouvement de m\u00e9contentement qui se poursuit depuis plusieurs semaines et qui marque le malaise de la fili\u00e8re l\u00e9gumi\u00e8re bretonne. Pourquoi ce m\u00e9contentement? Voir aussi <a href=\"https:\/\/tv-tregor.com\/web-precedent\/2004\/05\/05\/faut-pas-leur-prendre-le-chou-323\/\">faut pas leur prendre le chou<\/a><\/p>\n","protected":false},"excerpt":{"rendered":"<p><a title=\"Regarder le sujet\" href=\"https:\/\/tv-tregor.com\/web-precedent\/www\/streams\/legumiers.html\">Regarder la vid\u00e9o<\/a><\/p>\n<p><a title=\"Regarder le sujet\" href=\"http:\/\/www.tv-tregor.com\/web-precedent\/www\/streams\/legumiers.html\"><img decoding=\"async\" src=\"https:\/\/tv-tregor.com\/web-precedent\/IMG\/jpg\/photo-manif.jpg\" alt=\"photo-manif.jpg\" align=\"center\" \/><\/a><\/p>\n<p>Le dimanche 21 novembre 2004, \u00e0 Guingamp, les producteurs l\u00e9gumiers se sont mobilis\u00e9s pour la lib\u00e9ration de leur coll\u00e8gue Gilbert Brouder, incarc\u00e9r\u00e9 depuis  \u2026  <a href=\"https:\/\/tv-tregor.com\/web-precedent\/2004\/11\/25\/le-malaise-des-producteurs-legumiers-du-tregor-goelo-430\/\">&#8230;lire le sujet&#8230; <span class=\"meta-nav\">&rarr; <\/span><\/a><\/p>\n","protected":false},"author":1,"featured_media":0,"comment_status":"open","ping_status":"open","sticky":false,"template":"","format":"standard","meta":{"footnotes":""},"categories":[2],"tags":[],"class_list":["post-29","post","type-post","status-publish","format-standard","hentry","category-info-locale"],"_links":{"self":[{"href":"https:\/\/tv-tregor.com\/web-precedent\/wp-json\/wp\/v2\/posts\/29","targetHints":{"allow":["GET"]}}],"collection":[{"href":"https:\/\/tv-tregor.com\/web-precedent\/wp-json\/wp\/v2\/posts"}],"about":[{"href":"https:\/\/tv-tregor.com\/web-precedent\/wp-json\/wp\/v2\/types\/post"}],"author":[{"embeddable":true,"href":"https:\/\/tv-tregor.com\/web-precedent\/wp-json\/wp\/v2\/users\/1"}],"replies":[{"embeddable":true,"href":"https:\/\/tv-tregor.com\/web-precedent\/wp-json\/wp\/v2\/comments?post=29"}],"version-history":[{"count":2,"href":"https:\/\/tv-tregor.com\/web-precedent\/wp-json\/wp\/v2\/posts\/29\/revisions"}],"predecessor-version":[{"id":946,"href":"https:\/\/tv-tregor.com\/web-precedent\/wp-json\/wp\/v2\/posts\/29\/revisions\/946"}],"wp:attachment":[{"href":"https:\/\/tv-tregor.com\/web-precedent\/wp-json\/wp\/v2\/media?parent=29"}],"wp:term":[{"taxonomy":"category","embeddable":true,"href":"https:\/\/tv-tregor.com\/web-precedent\/wp-json\/wp\/v2\/categories?post=29"},{"taxonomy":"post_tag","embeddable":true,"href":"https:\/\/tv-tregor.com\/web-precedent\/wp-json\/wp\/v2\/tags?post=29"}],"curies":[{"name":"wp","href":"https:\/\/api.w.org\/{rel}","templated":true}]}}