{"id":282,"date":"2008-06-24T09:00:00","date_gmt":"2008-06-24T08:00:00","guid":{"rendered":"http:\/\/tv-tregor.com\/web-precedent\/2008\/06\/24\/ces-gens-du-moulin-1603\/"},"modified":"2016-01-17T20:37:28","modified_gmt":"2016-01-17T19:37:28","slug":"ces-gens-du-moulin-1603","status":"publish","type":"post","link":"https:\/\/tv-tregor.com\/web-precedent\/2008\/06\/24\/ces-gens-du-moulin-1603\/","title":{"rendered":"Ces gens du moulin &#8211; 16&rsquo;03"},"content":{"rendered":"<p><a title=\"Regarder le sujet\" href=\"https:\/\/tv-tregor.com\/web-precedent\/www\/streams\/cesgensdumoulin.html\">Regarder la vid\u00e9o <\/a><\/p>\n<p><a title=\"Regarder le sujet\" href=\"http:\/\/www.tv-tregor.com\/web-precedent\/www\/streams\/cesgensdumoulin.html\"><img decoding=\"async\" src=\"https:\/\/tv-tregor.com\/web-precedent\/IMG\/jpg\/cesgensdumouling.jpg\" alt=\"cesgensdumouling.jpg\" align=\"center\" \/><\/a><\/p>\n<p> <strong>\u00ab\u00a0Une vie de meunier\u00a0\u00bb<\/strong> est un hommage \u00e0 un m\u00e9tier d&rsquo;autrefois : celui de meunier, r\u00e9alis\u00e9 par Ga\u00ebtan Doineau. Une vie retranscrite aux travers d&rsquo;histoires et d&rsquo; images touchantes. Le regard d&rsquo;un petit fils sur son grand p\u00e8re.<\/p>\n","protected":false},"excerpt":{"rendered":"<p><a title=\"Regarder le sujet\" href=\"https:\/\/tv-tregor.com\/web-precedent\/www\/streams\/cesgensdumoulin.html\">Regarder la vid\u00e9o <\/a><\/p>\n<p><a title=\"Regarder le sujet\" href=\"http:\/\/www.tv-tregor.com\/web-precedent\/www\/streams\/cesgensdumoulin.html\"><img decoding=\"async\" src=\"https:\/\/tv-tregor.com\/web-precedent\/IMG\/jpg\/cesgensdumouling.jpg\" alt=\"cesgensdumouling.jpg\" align=\"center\" \/><\/a><\/p>\n<p> <strong>\u00ab\u00a0Une vie de meunier\u00a0\u00bb<\/strong> est un hommage \u00e0 un m\u00e9tier d&rsquo;autrefois : celui de meunier, r\u00e9alis\u00e9 par Ga\u00ebtan Doineau. Une vie  \u2026  <a href=\"https:\/\/tv-tregor.com\/web-precedent\/2008\/06\/24\/ces-gens-du-moulin-1603\/\">&#8230;lire le sujet&#8230; <span class=\"meta-nav\">&rarr; <\/span><\/a><\/p>\n","protected":false},"author":1,"featured_media":0,"comment_status":"open","ping_status":"open","sticky":false,"template":"","format":"standard","meta":{"footnotes":""},"categories":[53],"tags":[],"class_list":["post-282","post","type-post","status-publish","format-standard","hentry","category-films-personnels"],"_links":{"self":[{"href":"https:\/\/tv-tregor.com\/web-precedent\/wp-json\/wp\/v2\/posts\/282","targetHints":{"allow":["GET"]}}],"collection":[{"href":"https:\/\/tv-tregor.com\/web-precedent\/wp-json\/wp\/v2\/posts"}],"about":[{"href":"https:\/\/tv-tregor.com\/web-precedent\/wp-json\/wp\/v2\/types\/post"}],"author":[{"embeddable":true,"href":"https:\/\/tv-tregor.com\/web-precedent\/wp-json\/wp\/v2\/users\/1"}],"replies":[{"embeddable":true,"href":"https:\/\/tv-tregor.com\/web-precedent\/wp-json\/wp\/v2\/comments?post=282"}],"version-history":[{"count":1,"href":"https:\/\/tv-tregor.com\/web-precedent\/wp-json\/wp\/v2\/posts\/282\/revisions"}],"predecessor-version":[{"id":882,"href":"https:\/\/tv-tregor.com\/web-precedent\/wp-json\/wp\/v2\/posts\/282\/revisions\/882"}],"wp:attachment":[{"href":"https:\/\/tv-tregor.com\/web-precedent\/wp-json\/wp\/v2\/media?parent=282"}],"wp:term":[{"taxonomy":"category","embeddable":true,"href":"https:\/\/tv-tregor.com\/web-precedent\/wp-json\/wp\/v2\/categories?post=282"},{"taxonomy":"post_tag","embeddable":true,"href":"https:\/\/tv-tregor.com\/web-precedent\/wp-json\/wp\/v2\/tags?post=282"}],"curies":[{"name":"wp","href":"https:\/\/api.w.org\/{rel}","templated":true}]}}