{"id":28,"date":"2004-11-22T14:27:54","date_gmt":"2004-11-22T13:27:54","guid":{"rendered":"http:\/\/tv-tregor.com\/web-precedent\/2004\/11\/22\/parle-pas-comme-ca-642\/"},"modified":"2004-11-22T14:27:54","modified_gmt":"2004-11-22T13:27:54","slug":"parle-pas-comme-ca-642","status":"publish","type":"post","link":"https:\/\/tv-tregor.com\/web-precedent\/2004\/11\/22\/parle-pas-comme-ca-642\/","title":{"rendered":"Parle pas comme \u00e7a ! &#8211; 6&rsquo;42"},"content":{"rendered":"<p><a href=\"https:\/\/tv-tregor.com\/web-precedent\/www\/streams\/parle.html\" title=\"Regarder le sujet\">Regarder la vid\u00e9o<\/a><\/p>\n<p><a href=\"http:\/\/www.tv-tregor.com\/web-precedent\/www\/streams\/parle.html\" title=\"Regarder le sujet\"><img decoding=\"async\" src=\"https:\/\/tv-tregor.com\/web-precedent\/IMG\/jpg\/ppcc.jpg\" alt=\"ppcc.jpg\" align=\"center\" \/><\/a> <\/p>\n<p>  Ce film a \u00e9t\u00e9 r\u00e9alis\u00e9 \u00e0 Bruz par le PIJ ( Point Information Jeunesse ) de l&rsquo;ARC ( Accueil Rencontre et Concertation ) avec six \u00e9l\u00e8ves du coll\u00e8ge public Pierre Brossolette dans le cadre du comit\u00e9 d&rsquo;\u00e9ducation \u00e0 la sant\u00e9 et \u00e0 la citoyennet\u00e9. R\u00e9cemment le film et une partie du groupe sont partis au premier festival du film jeune de Montr\u00e9al en s\u00e9lection officielle.  Parle pas comme \u00e7a, est un film dont le but est d&rsquo;ouvrir le d\u00e9bat sur le respect.<\/p>\n","protected":false},"excerpt":{"rendered":"<p><a href=\"https:\/\/tv-tregor.com\/web-precedent\/www\/streams\/parle.html\" title=\"Regarder le sujet\">Regarder la vid\u00e9o<\/a><\/p>\n<p><a href=\"http:\/\/www.tv-tregor.com\/web-precedent\/www\/streams\/parle.html\" title=\"Regarder le sujet\"><img decoding=\"async\" src=\"https:\/\/tv-tregor.com\/web-precedent\/IMG\/jpg\/ppcc.jpg\" alt=\"ppcc.jpg\" align=\"center\" \/><\/a> <\/p>\n<p> Ce film a \u00e9t\u00e9 r\u00e9alis\u00e9 \u00e0 Bruz par le PIJ ( Point Information Jeunesse ) de l&rsquo;ARC ( Accueil Rencontre et  \u2026  <a href=\"https:\/\/tv-tregor.com\/web-precedent\/2004\/11\/22\/parle-pas-comme-ca-642\/\">&#8230;lire le sujet&#8230; <span class=\"meta-nav\">&rarr; <\/span><\/a><\/p>\n","protected":false},"author":1,"featured_media":0,"comment_status":"open","ping_status":"open","sticky":false,"template":"","format":"standard","meta":{"footnotes":""},"categories":[26],"tags":[],"class_list":["post-28","post","type-post","status-publish","format-standard","hentry","category-les-films-de-formations"],"_links":{"self":[{"href":"https:\/\/tv-tregor.com\/web-precedent\/wp-json\/wp\/v2\/posts\/28","targetHints":{"allow":["GET"]}}],"collection":[{"href":"https:\/\/tv-tregor.com\/web-precedent\/wp-json\/wp\/v2\/posts"}],"about":[{"href":"https:\/\/tv-tregor.com\/web-precedent\/wp-json\/wp\/v2\/types\/post"}],"author":[{"embeddable":true,"href":"https:\/\/tv-tregor.com\/web-precedent\/wp-json\/wp\/v2\/users\/1"}],"replies":[{"embeddable":true,"href":"https:\/\/tv-tregor.com\/web-precedent\/wp-json\/wp\/v2\/comments?post=28"}],"version-history":[{"count":0,"href":"https:\/\/tv-tregor.com\/web-precedent\/wp-json\/wp\/v2\/posts\/28\/revisions"}],"wp:attachment":[{"href":"https:\/\/tv-tregor.com\/web-precedent\/wp-json\/wp\/v2\/media?parent=28"}],"wp:term":[{"taxonomy":"category","embeddable":true,"href":"https:\/\/tv-tregor.com\/web-precedent\/wp-json\/wp\/v2\/categories?post=28"},{"taxonomy":"post_tag","embeddable":true,"href":"https:\/\/tv-tregor.com\/web-precedent\/wp-json\/wp\/v2\/tags?post=28"}],"curies":[{"name":"wp","href":"https:\/\/api.w.org\/{rel}","templated":true}]}}