{"id":279,"date":"2008-06-18T08:20:00","date_gmt":"2008-06-18T07:20:00","guid":{"rendered":"http:\/\/tv-tregor.com\/web-precedent\/2008\/06\/18\/un-nouvel-hote-au-chateau-de-tonquedec-252\/"},"modified":"2008-06-18T08:20:00","modified_gmt":"2008-06-18T07:20:00","slug":"un-nouvel-hote-au-chateau-de-tonquedec-252","status":"publish","type":"post","link":"https:\/\/tv-tregor.com\/web-precedent\/2008\/06\/18\/un-nouvel-hote-au-chateau-de-tonquedec-252\/","title":{"rendered":"Un nouvel h\u00f4te au chateau de Tonquedec &#8211; 2&rsquo;52"},"content":{"rendered":"<p><a href=\"https:\/\/tv-tregor.com\/web-precedent\/www\/streams\/chato.html\" title=\"Regarder le sujet\">Regarder la vid\u00e9o <\/a><\/p>\n<p><a href=\"http:\/\/www.tv-tregor.com\/web-precedent\/www\/streams\/chato.html\" title=\"Regarder le sujet\"><img decoding=\"async\" src=\"https:\/\/tv-tregor.com\/web-precedent\/IMG\/jpg\/Chato2.jpg\" alt=\"Chato2.jpg\" align=\"center\" \/><\/a> <\/p>\n<p> <BR>  Artiste, gardien, animateur et surtout passionn\u00e9, Pierre Denos est le nouvel h\u00f4te du ch\u00e2teau de Tonquedec. Arriv\u00e9 il y a peu de temps dans sa nouvelle demeure, Pierre a une passion r\u00e9elle pour la pratique de l&rsquo;art de batteur en armures m\u00e9di\u00e9vales. En r\u00e9alit\u00e9, il construit des masques, gantelets ou encore des casques&#8230; Bref, tout ce qui se rapproche du Moyen Age, sa p\u00e9riode f\u00e9tiche.  Une rencontre int\u00e9ressante avec un personnage r\u00e9alis\u00e9e par Olivier Gonthier. <\/p>\n","protected":false},"excerpt":{"rendered":"<p><a href=\"https:\/\/tv-tregor.com\/web-precedent\/www\/streams\/chato.html\" title=\"Regarder le sujet\">Regarder la vid\u00e9o <\/a><\/p>\n<p><a href=\"http:\/\/www.tv-tregor.com\/web-precedent\/www\/streams\/chato.html\" title=\"Regarder le sujet\"><img decoding=\"async\" src=\"https:\/\/tv-tregor.com\/web-precedent\/IMG\/jpg\/Chato2.jpg\" alt=\"Chato2.jpg\" align=\"center\" \/><\/a> <\/p>\n<p> <BR> Artiste, gardien, animateur et surtout passionn\u00e9, Pierre Denos est le nouvel h\u00f4te du ch\u00e2teau de Tonquedec. Arriv\u00e9 il y  \u2026  <a href=\"https:\/\/tv-tregor.com\/web-precedent\/2008\/06\/18\/un-nouvel-hote-au-chateau-de-tonquedec-252\/\">&#8230;lire le sujet&#8230; <span class=\"meta-nav\">&rarr; <\/span><\/a><\/p>\n","protected":false},"author":1,"featured_media":0,"comment_status":"open","ping_status":"open","sticky":false,"template":"","format":"standard","meta":{"footnotes":""},"categories":[23],"tags":[],"class_list":["post-279","post","type-post","status-publish","format-standard","hentry","category-patrimoine"],"_links":{"self":[{"href":"https:\/\/tv-tregor.com\/web-precedent\/wp-json\/wp\/v2\/posts\/279","targetHints":{"allow":["GET"]}}],"collection":[{"href":"https:\/\/tv-tregor.com\/web-precedent\/wp-json\/wp\/v2\/posts"}],"about":[{"href":"https:\/\/tv-tregor.com\/web-precedent\/wp-json\/wp\/v2\/types\/post"}],"author":[{"embeddable":true,"href":"https:\/\/tv-tregor.com\/web-precedent\/wp-json\/wp\/v2\/users\/1"}],"replies":[{"embeddable":true,"href":"https:\/\/tv-tregor.com\/web-precedent\/wp-json\/wp\/v2\/comments?post=279"}],"version-history":[{"count":0,"href":"https:\/\/tv-tregor.com\/web-precedent\/wp-json\/wp\/v2\/posts\/279\/revisions"}],"wp:attachment":[{"href":"https:\/\/tv-tregor.com\/web-precedent\/wp-json\/wp\/v2\/media?parent=279"}],"wp:term":[{"taxonomy":"category","embeddable":true,"href":"https:\/\/tv-tregor.com\/web-precedent\/wp-json\/wp\/v2\/categories?post=279"},{"taxonomy":"post_tag","embeddable":true,"href":"https:\/\/tv-tregor.com\/web-precedent\/wp-json\/wp\/v2\/tags?post=279"}],"curies":[{"name":"wp","href":"https:\/\/api.w.org\/{rel}","templated":true}]}}