{"id":273,"date":"2008-06-04T08:15:00","date_gmt":"2008-06-04T07:15:00","guid":{"rendered":"http:\/\/tv-tregor.com\/web-precedent\/2008\/06\/04\/camping-sauvage-au-lycee-savina-434\/"},"modified":"2008-06-04T08:15:00","modified_gmt":"2008-06-04T07:15:00","slug":"camping-sauvage-au-lycee-savina-434","status":"publish","type":"post","link":"https:\/\/tv-tregor.com\/web-precedent\/2008\/06\/04\/camping-sauvage-au-lycee-savina-434\/","title":{"rendered":"Camping sauvage au lyc\u00e9e Savina &#8211; 4&rsquo;34"},"content":{"rendered":"<p><a href=\"https:\/\/tv-tregor.com\/web-precedent\/www\/streams\/savina.html\" title=\"Regarder le sujet\">Regarder la vid\u00e9o <\/a><\/p>\n<p><a href=\"http:\/\/www.tv-tregor.com\/web-precedent\/www\/streams\/savina.html\" title=\"Regarder le sujet\"><img decoding=\"async\" src=\"https:\/\/tv-tregor.com\/web-precedent\/IMG\/jpg\/savinag.jpg\" alt=\"savinag.jpg\" align=\"center\" \/><\/a> <\/p>\n<p> <BR> Au pied du th\u00e9\u00e2tre de l&rsquo;Arche, \u00e0 Tr\u00e9guier, un spectacle inattendu s&rsquo;est jou\u00e9 dans la nuit du dimanche 25 mai 2008. TV Tr\u00e9gor \u00e9tait l\u00e0 pour vous rapporter ces images in\u00e9dites.  D\u00e8s 20 H 30, des internes du lyc\u00e9e Joseph Savina ont plant\u00e9 sagement leurs tentes aux portes de leur \u00e9tablissement scolaire, sur la place de la R\u00e9publique. La raison de ce camping sauvage: maintenir l&rsquo;accueil du dimanche soir \u00e0 l&rsquo;internat en refusant tout net les suppressions de poste en vie scolaire. Forts de leur jeunesse, arm\u00e9s de leurs seules sardines et toiles de tentes, une cinquantaine de campeurs sont venus porter leurs revendications sur la place publique. Le maire de Tr\u00e9guier, Michel Soyer et son adjoint Jean-Michel Huon, \u00e9taient pr\u00e9sents jusque tard dans la nuit pour soutenir leur action.  Le lyc\u00e9e Joseph Savina a f\u00eat\u00e9 avec brio son centi\u00e8me anniversaire le 15 mai dernier. Cette manifestation des \u00e9l\u00e8ves prouve la verdeur persistante et la vigueur de l&rsquo;honorable institution. L&rsquo;action a \u00e9t\u00e9 reconduite le dimanche suivant. Les parents d&rsquo;\u00e9l\u00e8ves campent sur les m\u00eames positions et rejoindront les internes dimanche 8 juin \u00e0 partir de 20 h 30. <\/p>\n","protected":false},"excerpt":{"rendered":"<p><a href=\"https:\/\/tv-tregor.com\/web-precedent\/www\/streams\/savina.html\" title=\"Regarder le sujet\">Regarder la vid\u00e9o <\/a><\/p>\n<p><a href=\"http:\/\/www.tv-tregor.com\/web-precedent\/www\/streams\/savina.html\" title=\"Regarder le sujet\"><img decoding=\"async\" src=\"https:\/\/tv-tregor.com\/web-precedent\/IMG\/jpg\/savinag.jpg\" alt=\"savinag.jpg\" align=\"center\" \/><\/a> <\/p>\n<p> <BR> Au pied du th\u00e9\u00e2tre de l&rsquo;Arche, \u00e0 Tr\u00e9guier, un spectacle inattendu s&rsquo;est jou\u00e9 dans la nuit du dimanche 25  \u2026  <a href=\"https:\/\/tv-tregor.com\/web-precedent\/2008\/06\/04\/camping-sauvage-au-lycee-savina-434\/\">&#8230;lire le sujet&#8230; <span class=\"meta-nav\">&rarr; <\/span><\/a><\/p>\n","protected":false},"author":1,"featured_media":0,"comment_status":"open","ping_status":"open","sticky":false,"template":"","format":"standard","meta":{"footnotes":""},"categories":[2],"tags":[],"class_list":["post-273","post","type-post","status-publish","format-standard","hentry","category-info-locale"],"_links":{"self":[{"href":"https:\/\/tv-tregor.com\/web-precedent\/wp-json\/wp\/v2\/posts\/273","targetHints":{"allow":["GET"]}}],"collection":[{"href":"https:\/\/tv-tregor.com\/web-precedent\/wp-json\/wp\/v2\/posts"}],"about":[{"href":"https:\/\/tv-tregor.com\/web-precedent\/wp-json\/wp\/v2\/types\/post"}],"author":[{"embeddable":true,"href":"https:\/\/tv-tregor.com\/web-precedent\/wp-json\/wp\/v2\/users\/1"}],"replies":[{"embeddable":true,"href":"https:\/\/tv-tregor.com\/web-precedent\/wp-json\/wp\/v2\/comments?post=273"}],"version-history":[{"count":0,"href":"https:\/\/tv-tregor.com\/web-precedent\/wp-json\/wp\/v2\/posts\/273\/revisions"}],"wp:attachment":[{"href":"https:\/\/tv-tregor.com\/web-precedent\/wp-json\/wp\/v2\/media?parent=273"}],"wp:term":[{"taxonomy":"category","embeddable":true,"href":"https:\/\/tv-tregor.com\/web-precedent\/wp-json\/wp\/v2\/categories?post=273"},{"taxonomy":"post_tag","embeddable":true,"href":"https:\/\/tv-tregor.com\/web-precedent\/wp-json\/wp\/v2\/tags?post=273"}],"curies":[{"name":"wp","href":"https:\/\/api.w.org\/{rel}","templated":true}]}}