{"id":269,"date":"2008-05-28T08:10:00","date_gmt":"2008-05-28T07:10:00","guid":{"rendered":"http:\/\/tv-tregor.com\/web-precedent\/2008\/05\/28\/un-cafe-ephemere-520\/"},"modified":"2016-01-17T21:38:09","modified_gmt":"2016-01-17T20:38:09","slug":"un-cafe-ephemere-520","status":"publish","type":"post","link":"https:\/\/tv-tregor.com\/web-precedent\/2008\/05\/28\/un-cafe-ephemere-520\/","title":{"rendered":"Un caf\u00e9 \u00e9ph\u00e9m\u00e8re &#8211; 5&rsquo;20"},"content":{"rendered":"<p><a title=\"Regarder le sujet\" href=\"https:\/\/tv-tregor.com\/web-precedent\/www\/streams\/cafe.html\">Regarder la vid\u00e9o <\/a><\/p>\n<p><a title=\"Regarder le sujet\" href=\"http:\/\/www.tv-tregor.com\/web-precedent\/www\/streams\/cafe.html\"><img decoding=\"async\" src=\"https:\/\/tv-tregor.com\/web-precedent\/IMG\/jpg\/cafeg.jpg\" alt=\"cafeg.jpg\" align=\"center\" \/><\/a><\/p>\n<p>Dans un petit coin de verdure, \u00e0 Trogu\u00e9ry, se cache un lieu original&#8230; Le caf\u00e9 \u00e9ph\u00e9m\u00e8re. Mais vous me diriez, pourquoi \u00e9ph\u00e9m\u00e8re? Car cet endroit convivial et familial n&rsquo;est ouvert qu&rsquo;une fois par semaine, le dimanche apr\u00e8s midi et propose diverses activit\u00e9s culturelles ainsi que certains services de proximit\u00e9. Ses occupants, les Beauverger, nous explique le pourquoi de cette ouverture d&rsquo;un caf\u00e9 dans leur v\u00e9randa et son fonctionnement hors du commun. Car \u00ab\u00a0seul l&rsquo;\u00e9ph\u00e9m\u00e8re dure.\u00a0\u00bb Un sujet d&rsquo;Erwan, b\u00e9n\u00e9vole de l&rsquo;association.<\/p>\n","protected":false},"excerpt":{"rendered":"<p><a title=\"Regarder le sujet\" href=\"https:\/\/tv-tregor.com\/web-precedent\/www\/streams\/cafe.html\">Regarder la vid\u00e9o <\/a><\/p>\n<p><a title=\"Regarder le sujet\" href=\"http:\/\/www.tv-tregor.com\/web-precedent\/www\/streams\/cafe.html\"><img decoding=\"async\" src=\"https:\/\/tv-tregor.com\/web-precedent\/IMG\/jpg\/cafeg.jpg\" alt=\"cafeg.jpg\" align=\"center\" \/><\/a><\/p>\n<p>Dans un petit coin de verdure, \u00e0 Trogu\u00e9ry, se cache un lieu original&#8230; Le caf\u00e9 \u00e9ph\u00e9m\u00e8re. Mais vous me diriez, pourquoi \u00e9ph\u00e9m\u00e8re?  \u2026  <a href=\"https:\/\/tv-tregor.com\/web-precedent\/2008\/05\/28\/un-cafe-ephemere-520\/\">&#8230;lire le sujet&#8230; <span class=\"meta-nav\">&rarr; <\/span><\/a><\/p>\n","protected":false},"author":1,"featured_media":0,"comment_status":"open","ping_status":"open","sticky":false,"template":"","format":"standard","meta":{"footnotes":""},"categories":[14],"tags":[],"class_list":["post-269","post","type-post","status-publish","format-standard","hentry","category-culture"],"_links":{"self":[{"href":"https:\/\/tv-tregor.com\/web-precedent\/wp-json\/wp\/v2\/posts\/269","targetHints":{"allow":["GET"]}}],"collection":[{"href":"https:\/\/tv-tregor.com\/web-precedent\/wp-json\/wp\/v2\/posts"}],"about":[{"href":"https:\/\/tv-tregor.com\/web-precedent\/wp-json\/wp\/v2\/types\/post"}],"author":[{"embeddable":true,"href":"https:\/\/tv-tregor.com\/web-precedent\/wp-json\/wp\/v2\/users\/1"}],"replies":[{"embeddable":true,"href":"https:\/\/tv-tregor.com\/web-precedent\/wp-json\/wp\/v2\/comments?post=269"}],"version-history":[{"count":1,"href":"https:\/\/tv-tregor.com\/web-precedent\/wp-json\/wp\/v2\/posts\/269\/revisions"}],"predecessor-version":[{"id":899,"href":"https:\/\/tv-tregor.com\/web-precedent\/wp-json\/wp\/v2\/posts\/269\/revisions\/899"}],"wp:attachment":[{"href":"https:\/\/tv-tregor.com\/web-precedent\/wp-json\/wp\/v2\/media?parent=269"}],"wp:term":[{"taxonomy":"category","embeddable":true,"href":"https:\/\/tv-tregor.com\/web-precedent\/wp-json\/wp\/v2\/categories?post=269"},{"taxonomy":"post_tag","embeddable":true,"href":"https:\/\/tv-tregor.com\/web-precedent\/wp-json\/wp\/v2\/tags?post=269"}],"curies":[{"name":"wp","href":"https:\/\/api.w.org\/{rel}","templated":true}]}}