{"id":264,"date":"2008-05-21T08:05:00","date_gmt":"2008-05-21T07:05:00","guid":{"rendered":"http:\/\/tv-tregor.com\/web-precedent\/2008\/05\/21\/planches-voiles-et-vent-336\/"},"modified":"2008-05-21T08:05:00","modified_gmt":"2008-05-21T07:05:00","slug":"planches-voiles-et-vent-336","status":"publish","type":"post","link":"https:\/\/tv-tregor.com\/web-precedent\/2008\/05\/21\/planches-voiles-et-vent-336\/","title":{"rendered":"Planches, voiles et vent &#8211; 3&rsquo;36"},"content":{"rendered":"<p><a href=\"https:\/\/tv-tregor.com\/web-precedent\/www\/streams\/winds.html\" title=\"Regarder le sujet\">Regarder la vid\u00e9o <\/a><\/p>\n<p><a href=\"http:\/\/www.tv-tregor.com\/web-precedent\/www\/streams\/winds.html\" title=\"Regarder le sujet\"><img decoding=\"async\" src=\"https:\/\/tv-tregor.com\/web-precedent\/IMG\/jpg\/voileg.jpg\" alt=\"voileg.jpg\" align=\"center\" \/><\/a> <\/p>\n<p> <BR>  Les 10 et 11 mai dernier, s&rsquo;est d\u00e9roul\u00e9 le 3\u00e8me D\u00e9fi C\u00f4te de Granit de Windsurfing sur la plage de Tresmeur \u00e0 Tr\u00e9beurden. Troisi\u00e8me ann\u00e9e cons\u00e9cutive et toujours autant de succ\u00e8s pour cette comp\u00e9tition qui n&rsquo;en est pas vraiment une&#8230;En effet, organis\u00e9 par l&rsquo;association <a href=\"http:\/\/www.windsurfbreizh22.com\">Windsurf Breizh 22<\/a>, le D\u00e9fi se veut avant tout \u00eatre un rassemblement convivial. Une centaine de concurrents se sont ainsi d\u00e9plac\u00e9s pour affronter les conditions presque id\u00e9ales: vent, houle et soleil&#8230; Retour sur un weekend-end-end o\u00f9 le windsurf a eu le vent en poupe&#8230;<\/p>\n","protected":false},"excerpt":{"rendered":"<p><a href=\"https:\/\/tv-tregor.com\/web-precedent\/www\/streams\/winds.html\" title=\"Regarder le sujet\">Regarder la vid\u00e9o <\/a><\/p>\n<p><a href=\"http:\/\/www.tv-tregor.com\/web-precedent\/www\/streams\/winds.html\" title=\"Regarder le sujet\"><img decoding=\"async\" src=\"https:\/\/tv-tregor.com\/web-precedent\/IMG\/jpg\/voileg.jpg\" alt=\"voileg.jpg\" align=\"center\" \/><\/a> <\/p>\n<p> <BR> Les 10 et 11 mai dernier, s&rsquo;est d\u00e9roul\u00e9 le 3\u00e8me D\u00e9fi C\u00f4te de Granit de Windsurfing sur la plage  \u2026  <a href=\"https:\/\/tv-tregor.com\/web-precedent\/2008\/05\/21\/planches-voiles-et-vent-336\/\">&#8230;lire le sujet&#8230; <span class=\"meta-nav\">&rarr; <\/span><\/a><\/p>\n","protected":false},"author":1,"featured_media":0,"comment_status":"open","ping_status":"open","sticky":false,"template":"","format":"standard","meta":{"footnotes":""},"categories":[38],"tags":[],"class_list":["post-264","post","type-post","status-publish","format-standard","hentry","category-sports"],"_links":{"self":[{"href":"https:\/\/tv-tregor.com\/web-precedent\/wp-json\/wp\/v2\/posts\/264","targetHints":{"allow":["GET"]}}],"collection":[{"href":"https:\/\/tv-tregor.com\/web-precedent\/wp-json\/wp\/v2\/posts"}],"about":[{"href":"https:\/\/tv-tregor.com\/web-precedent\/wp-json\/wp\/v2\/types\/post"}],"author":[{"embeddable":true,"href":"https:\/\/tv-tregor.com\/web-precedent\/wp-json\/wp\/v2\/users\/1"}],"replies":[{"embeddable":true,"href":"https:\/\/tv-tregor.com\/web-precedent\/wp-json\/wp\/v2\/comments?post=264"}],"version-history":[{"count":0,"href":"https:\/\/tv-tregor.com\/web-precedent\/wp-json\/wp\/v2\/posts\/264\/revisions"}],"wp:attachment":[{"href":"https:\/\/tv-tregor.com\/web-precedent\/wp-json\/wp\/v2\/media?parent=264"}],"wp:term":[{"taxonomy":"category","embeddable":true,"href":"https:\/\/tv-tregor.com\/web-precedent\/wp-json\/wp\/v2\/categories?post=264"},{"taxonomy":"post_tag","embeddable":true,"href":"https:\/\/tv-tregor.com\/web-precedent\/wp-json\/wp\/v2\/tags?post=264"}],"curies":[{"name":"wp","href":"https:\/\/api.w.org\/{rel}","templated":true}]}}