{"id":263,"date":"2008-05-14T08:05:00","date_gmt":"2008-05-14T07:05:00","guid":{"rendered":"http:\/\/tv-tregor.com\/web-precedent\/2008\/05\/14\/le-port-de-treguier-fait-son-nettoyage-de-printemps-305\/"},"modified":"2008-05-14T08:05:00","modified_gmt":"2008-05-14T07:05:00","slug":"le-port-de-treguier-fait-son-nettoyage-de-printemps-305","status":"publish","type":"post","link":"https:\/\/tv-tregor.com\/web-precedent\/2008\/05\/14\/le-port-de-treguier-fait-son-nettoyage-de-printemps-305\/","title":{"rendered":"Le port de Tr\u00e9guier fait son nettoyage de printemps &#8211; 3&rsquo;05"},"content":{"rendered":"<p><a href=\"https:\/\/tv-tregor.com\/web-precedent\/www\/streams\/port.html\" title=\"Regarder le sujet\">Regarder la vid\u00e9o <\/a><\/p>\n<p><a href=\"http:\/\/www.tv-tregor.com\/web-precedent\/www\/streams\/port.html\" title=\"Regarder le sujet\"><img decoding=\"async\" src=\"https:\/\/tv-tregor.com\/web-precedent\/IMG\/jpg\/portgg.jpg\" alt=\"portgg.jpg\" align=\"center\" \/><\/a> <\/p>\n<p> <BR> 10 ans, c&rsquo;est le temps qu&rsquo;il a fallu pour que le port de plaisance de Tr\u00e9guier fasse peau neuve&#8230;. Depuis un mois, 3 km de tuyaux, une grande barge aspirante munie d&rsquo;un bras articul\u00e9 et une \u00e9quipe hollandaise sont \u00e0 pied d&rsquo;&#339;uvre.  Cette vase est envoy\u00e9e \u00e0 quelques kilom\u00e8tres jusqu&rsquo;au bois du po\u00e8te  o\u00f9 un relais la transf\u00e8re vers les lagunes. L&rsquo;eau purifi\u00e9e est enfin rejet\u00e9e dans le Guindy.  Deux semaines sont encore n\u00e9cessaires pour l&rsquo;ach\u00e8vement des travaux, travaux qui \u00e9taient indispensables pour la s\u00e9curit\u00e9 du port car les bateaux auraient, \u00e0 terme, p\u00fb s&rsquo;enliser. 16 000 m\u00e8tres cube de vase devraient \u00eatre extraits&#8230;.<\/p>\n","protected":false},"excerpt":{"rendered":"<p><a href=\"https:\/\/tv-tregor.com\/web-precedent\/www\/streams\/port.html\" title=\"Regarder le sujet\">Regarder la vid\u00e9o <\/a><\/p>\n<p><a href=\"http:\/\/www.tv-tregor.com\/web-precedent\/www\/streams\/port.html\" title=\"Regarder le sujet\"><img decoding=\"async\" src=\"https:\/\/tv-tregor.com\/web-precedent\/IMG\/jpg\/portgg.jpg\" alt=\"portgg.jpg\" align=\"center\" \/><\/a> <\/p>\n<p> <BR> 10 ans, c&rsquo;est le temps qu&rsquo;il a fallu pour que le port de plaisance de Tr\u00e9guier fasse peau neuve&#8230;.  \u2026  <a href=\"https:\/\/tv-tregor.com\/web-precedent\/2008\/05\/14\/le-port-de-treguier-fait-son-nettoyage-de-printemps-305\/\">&#8230;lire le sujet&#8230; <span class=\"meta-nav\">&rarr; <\/span><\/a><\/p>\n","protected":false},"author":1,"featured_media":0,"comment_status":"open","ping_status":"open","sticky":false,"template":"","format":"standard","meta":{"footnotes":""},"categories":[2],"tags":[],"class_list":["post-263","post","type-post","status-publish","format-standard","hentry","category-info-locale"],"_links":{"self":[{"href":"https:\/\/tv-tregor.com\/web-precedent\/wp-json\/wp\/v2\/posts\/263","targetHints":{"allow":["GET"]}}],"collection":[{"href":"https:\/\/tv-tregor.com\/web-precedent\/wp-json\/wp\/v2\/posts"}],"about":[{"href":"https:\/\/tv-tregor.com\/web-precedent\/wp-json\/wp\/v2\/types\/post"}],"author":[{"embeddable":true,"href":"https:\/\/tv-tregor.com\/web-precedent\/wp-json\/wp\/v2\/users\/1"}],"replies":[{"embeddable":true,"href":"https:\/\/tv-tregor.com\/web-precedent\/wp-json\/wp\/v2\/comments?post=263"}],"version-history":[{"count":0,"href":"https:\/\/tv-tregor.com\/web-precedent\/wp-json\/wp\/v2\/posts\/263\/revisions"}],"wp:attachment":[{"href":"https:\/\/tv-tregor.com\/web-precedent\/wp-json\/wp\/v2\/media?parent=263"}],"wp:term":[{"taxonomy":"category","embeddable":true,"href":"https:\/\/tv-tregor.com\/web-precedent\/wp-json\/wp\/v2\/categories?post=263"},{"taxonomy":"post_tag","embeddable":true,"href":"https:\/\/tv-tregor.com\/web-precedent\/wp-json\/wp\/v2\/tags?post=263"}],"curies":[{"name":"wp","href":"https:\/\/api.w.org\/{rel}","templated":true}]}}