{"id":262,"date":"2008-05-14T08:00:00","date_gmt":"2008-05-14T07:00:00","guid":{"rendered":"http:\/\/tv-tregor.com\/web-precedent\/2008\/05\/14\/manifestation-du-1er-mai-un-rendez-vous-annuel-346\/"},"modified":"2008-05-14T08:00:00","modified_gmt":"2008-05-14T07:00:00","slug":"manifestation-du-1er-mai-un-rendez-vous-annuel-346","status":"publish","type":"post","link":"https:\/\/tv-tregor.com\/web-precedent\/2008\/05\/14\/manifestation-du-1er-mai-un-rendez-vous-annuel-346\/","title":{"rendered":"Manifestation du 1er Mai, un rendez-vous annuel &#8211; 3&rsquo;46"},"content":{"rendered":"<p><a href=\"https:\/\/tv-tregor.com\/web-precedent\/www\/streams\/manif.html\" title=\"Regarder le sujet\">Regarder la vid\u00e9o <\/a><\/p>\n<p><a href=\"http:\/\/www.tv-tregor.com\/web-precedent\/www\/streams\/manif.html\" title=\"Regarder le sujet\"><img decoding=\"async\" src=\"https:\/\/tv-tregor.com\/web-precedent\/IMG\/jpg\/manif1maig.jpg\" alt=\"manif1maig.jpg\" align=\"center\" \/><\/a> <\/p>\n<p> <BR> Le 1 Mai, traditionnel jour de manifestations. Les syndicats \u00e0 Lannion ne sont pas rest\u00e9s inactifs&#8230; Plus de 300 personnes sont descendues dans la rue&#8230;  En t\u00eate de cort\u00e8ge, les employ\u00e9s de France Telecom qui se mobilisent contre les suppressions d&#8217;emplois, puis les suivent de pr\u00e8s, les revendications propres \u00e0 chaque syndicat&#8230; Pouvoir d&rsquo;achat, retraite, \u00e9ducation, justice \u00e9taient donc d&rsquo;actualit\u00e9&#8230;.<\/p>\n","protected":false},"excerpt":{"rendered":"<p><a href=\"https:\/\/tv-tregor.com\/web-precedent\/www\/streams\/manif.html\" title=\"Regarder le sujet\">Regarder la vid\u00e9o <\/a><\/p>\n<p><a href=\"http:\/\/www.tv-tregor.com\/web-precedent\/www\/streams\/manif.html\" title=\"Regarder le sujet\"><img decoding=\"async\" src=\"https:\/\/tv-tregor.com\/web-precedent\/IMG\/jpg\/manif1maig.jpg\" alt=\"manif1maig.jpg\" align=\"center\" \/><\/a> <\/p>\n<p> <BR> Le 1 Mai, traditionnel jour de manifestations. Les syndicats \u00e0 Lannion ne sont pas rest\u00e9s inactifs&#8230; Plus de 300  \u2026  <a href=\"https:\/\/tv-tregor.com\/web-precedent\/2008\/05\/14\/manifestation-du-1er-mai-un-rendez-vous-annuel-346\/\">&#8230;lire le sujet&#8230; <span class=\"meta-nav\">&rarr; <\/span><\/a><\/p>\n","protected":false},"author":1,"featured_media":0,"comment_status":"open","ping_status":"open","sticky":false,"template":"","format":"standard","meta":{"footnotes":""},"categories":[2],"tags":[],"class_list":["post-262","post","type-post","status-publish","format-standard","hentry","category-info-locale"],"_links":{"self":[{"href":"https:\/\/tv-tregor.com\/web-precedent\/wp-json\/wp\/v2\/posts\/262","targetHints":{"allow":["GET"]}}],"collection":[{"href":"https:\/\/tv-tregor.com\/web-precedent\/wp-json\/wp\/v2\/posts"}],"about":[{"href":"https:\/\/tv-tregor.com\/web-precedent\/wp-json\/wp\/v2\/types\/post"}],"author":[{"embeddable":true,"href":"https:\/\/tv-tregor.com\/web-precedent\/wp-json\/wp\/v2\/users\/1"}],"replies":[{"embeddable":true,"href":"https:\/\/tv-tregor.com\/web-precedent\/wp-json\/wp\/v2\/comments?post=262"}],"version-history":[{"count":0,"href":"https:\/\/tv-tregor.com\/web-precedent\/wp-json\/wp\/v2\/posts\/262\/revisions"}],"wp:attachment":[{"href":"https:\/\/tv-tregor.com\/web-precedent\/wp-json\/wp\/v2\/media?parent=262"}],"wp:term":[{"taxonomy":"category","embeddable":true,"href":"https:\/\/tv-tregor.com\/web-precedent\/wp-json\/wp\/v2\/categories?post=262"},{"taxonomy":"post_tag","embeddable":true,"href":"https:\/\/tv-tregor.com\/web-precedent\/wp-json\/wp\/v2\/tags?post=262"}],"curies":[{"name":"wp","href":"https:\/\/api.w.org\/{rel}","templated":true}]}}