{"id":259,"date":"2008-04-30T08:00:00","date_gmt":"2008-04-30T07:00:00","guid":{"rendered":"http:\/\/tv-tregor.com\/web-precedent\/2008\/04\/30\/piquets-de-greve-chez-france-telecom-154\/"},"modified":"2008-04-30T08:00:00","modified_gmt":"2008-04-30T07:00:00","slug":"piquets-de-greve-chez-france-telecom-154","status":"publish","type":"post","link":"https:\/\/tv-tregor.com\/web-precedent\/2008\/04\/30\/piquets-de-greve-chez-france-telecom-154\/","title":{"rendered":"Piquets de gr\u00e8ve chez France Telecom &#8211; 1&rsquo;54"},"content":{"rendered":"<p><a href=\"https:\/\/tv-tregor.com\/web-precedent\/www\/streams\/maniftelecom.html\" title=\"Regarder le sujet\">Regarder la vid\u00e9o <\/a><\/p>\n<p><a href=\"http:\/\/www.tv-tregor.com\/web-precedent\/www\/streams\/maniftelecom.html\" title=\"Regarder le sujet\"><img decoding=\"async\" src=\"https:\/\/tv-tregor.com\/web-precedent\/IMG\/jpg\/maniftelecomg.jpg\" alt=\"maniftelecomg.jpg\" align=\"center\" \/><\/a> <\/p>\n<p> <BR> Mercredi 23 avril dernier , une centaine de manifestants se sont mobilis\u00e9s devant les locaux de France Telecom. Leurs revendications: l&rsquo;annulation du plan de suppression d&#8217;emploi touchant les sites de R et D et l&rsquo;arr\u00eat des d\u00e9localisations d&#8217;emplois vers la Pologne.  Il est \u00e0 noter que cette gr\u00e8ve se d\u00e9roulait simultan\u00e9ment dans diff\u00e9rents sites de France Telecom et qu&rsquo;une prochaine manifestation est pr\u00e9vue \u00e0 Lannion le 1 mai.<\/p>\n","protected":false},"excerpt":{"rendered":"<p><a href=\"https:\/\/tv-tregor.com\/web-precedent\/www\/streams\/maniftelecom.html\" title=\"Regarder le sujet\">Regarder la vid\u00e9o <\/a><\/p>\n<p><a href=\"http:\/\/www.tv-tregor.com\/web-precedent\/www\/streams\/maniftelecom.html\" title=\"Regarder le sujet\"><img decoding=\"async\" src=\"https:\/\/tv-tregor.com\/web-precedent\/IMG\/jpg\/maniftelecomg.jpg\" alt=\"maniftelecomg.jpg\" align=\"center\" \/><\/a> <\/p>\n<p> <BR> Mercredi 23 avril dernier , une centaine de manifestants se sont mobilis\u00e9s devant les locaux de France Telecom. Leurs  \u2026  <a href=\"https:\/\/tv-tregor.com\/web-precedent\/2008\/04\/30\/piquets-de-greve-chez-france-telecom-154\/\">&#8230;lire le sujet&#8230; <span class=\"meta-nav\">&rarr; <\/span><\/a><\/p>\n","protected":false},"author":1,"featured_media":0,"comment_status":"open","ping_status":"open","sticky":false,"template":"","format":"standard","meta":{"footnotes":""},"categories":[2],"tags":[],"class_list":["post-259","post","type-post","status-publish","format-standard","hentry","category-info-locale"],"_links":{"self":[{"href":"https:\/\/tv-tregor.com\/web-precedent\/wp-json\/wp\/v2\/posts\/259","targetHints":{"allow":["GET"]}}],"collection":[{"href":"https:\/\/tv-tregor.com\/web-precedent\/wp-json\/wp\/v2\/posts"}],"about":[{"href":"https:\/\/tv-tregor.com\/web-precedent\/wp-json\/wp\/v2\/types\/post"}],"author":[{"embeddable":true,"href":"https:\/\/tv-tregor.com\/web-precedent\/wp-json\/wp\/v2\/users\/1"}],"replies":[{"embeddable":true,"href":"https:\/\/tv-tregor.com\/web-precedent\/wp-json\/wp\/v2\/comments?post=259"}],"version-history":[{"count":0,"href":"https:\/\/tv-tregor.com\/web-precedent\/wp-json\/wp\/v2\/posts\/259\/revisions"}],"wp:attachment":[{"href":"https:\/\/tv-tregor.com\/web-precedent\/wp-json\/wp\/v2\/media?parent=259"}],"wp:term":[{"taxonomy":"category","embeddable":true,"href":"https:\/\/tv-tregor.com\/web-precedent\/wp-json\/wp\/v2\/categories?post=259"},{"taxonomy":"post_tag","embeddable":true,"href":"https:\/\/tv-tregor.com\/web-precedent\/wp-json\/wp\/v2\/tags?post=259"}],"curies":[{"name":"wp","href":"https:\/\/api.w.org\/{rel}","templated":true}]}}