{"id":239,"date":"2008-03-12T08:00:00","date_gmt":"2008-03-12T07:00:00","guid":{"rendered":"http:\/\/tv-tregor.com\/web-precedent\/2008\/03\/12\/je-jardine-avec-lenvironnement-409\/"},"modified":"2008-03-12T08:00:00","modified_gmt":"2008-03-12T07:00:00","slug":"je-jardine-avec-lenvironnement-409","status":"publish","type":"post","link":"https:\/\/tv-tregor.com\/web-precedent\/2008\/03\/12\/je-jardine-avec-lenvironnement-409\/","title":{"rendered":"Je jardine avec l&#8217;environnement &#8211; 4&rsquo;09"},"content":{"rendered":"<p><a href=\"https:\/\/tv-tregor.com\/web-precedent\/www\/streams\/pesti.html\" title=\"Regarder le sujet\">Regarder la vid\u00e9o <\/a><\/p>\n<p><a href=\"http:\/\/www.tv-tregor.com\/web-precedent\/www\/streams\/pesti.html\" title=\"Regarder le sujet\"><img decoding=\"async\" src=\"https:\/\/tv-tregor.com\/web-precedent\/IMG\/jpg\/pesti250-2.jpg\" alt=\"pesti250-2.jpg\" align=\"center\" \/><\/a> <\/p>\n<p> <BR> Afin d&rsquo;annoncer la semaine sans pesticides, Tr\u00e9gor -vid\u00e9o remet au go\u00fbt du jour un reportage r\u00e9alis\u00e9 l&rsquo;ann\u00e9e derni\u00e8re.  Un jardin sans pesticides, c&#8217;est possible. C&#8217;\u00e9tait l&#8217;objectif de sensibilisation que s&#8217;\u00e9taient fix\u00e9 les comit\u00e9s de bassins versants du L\u00e9guer, de la Lieue de gr\u00e8ve et du Jaudy-Guindy-Bizien dans le cadre de la \u00ab semaine sans pesticides \u00bb qui avait lieu du 20 au 31 mars 2007. On estime en effet aujourd&#8217;hui qu&#8217;il existe une vraie prise de conscience des dangers de certains produits pour la sant\u00e9 et l&#8217;environnement pourtant, les pratiques culturales \u00e9voluent plus vite que les mentalit\u00e9s. Aujourd&#8217;hui, il existe des m\u00e9thodes et des produits naturels qui permettent d&#8217;\u00e9viter ces produits chimiques. Voici quelques id\u00e9es et quelques conseils de professionnels&#8230;<\/p>\n","protected":false},"excerpt":{"rendered":"<p><a href=\"https:\/\/tv-tregor.com\/web-precedent\/www\/streams\/pesti.html\" title=\"Regarder le sujet\">Regarder la vid\u00e9o <\/a><\/p>\n<p><a href=\"http:\/\/www.tv-tregor.com\/web-precedent\/www\/streams\/pesti.html\" title=\"Regarder le sujet\"><img decoding=\"async\" src=\"https:\/\/tv-tregor.com\/web-precedent\/IMG\/jpg\/pesti250-2.jpg\" alt=\"pesti250-2.jpg\" align=\"center\" \/><\/a> <\/p>\n<p> <BR> Afin d&rsquo;annoncer la semaine sans pesticides, Tr\u00e9gor -vid\u00e9o remet au go\u00fbt du jour un reportage r\u00e9alis\u00e9 l&rsquo;ann\u00e9e derni\u00e8re. Un  \u2026  <a href=\"https:\/\/tv-tregor.com\/web-precedent\/2008\/03\/12\/je-jardine-avec-lenvironnement-409\/\">&#8230;lire le sujet&#8230; <span class=\"meta-nav\">&rarr; <\/span><\/a><\/p>\n","protected":false},"author":1,"featured_media":0,"comment_status":"open","ping_status":"open","sticky":false,"template":"","format":"standard","meta":{"footnotes":""},"categories":[25],"tags":[],"class_list":["post-239","post","type-post","status-publish","format-standard","hentry","category-infos-conso"],"_links":{"self":[{"href":"https:\/\/tv-tregor.com\/web-precedent\/wp-json\/wp\/v2\/posts\/239","targetHints":{"allow":["GET"]}}],"collection":[{"href":"https:\/\/tv-tregor.com\/web-precedent\/wp-json\/wp\/v2\/posts"}],"about":[{"href":"https:\/\/tv-tregor.com\/web-precedent\/wp-json\/wp\/v2\/types\/post"}],"author":[{"embeddable":true,"href":"https:\/\/tv-tregor.com\/web-precedent\/wp-json\/wp\/v2\/users\/1"}],"replies":[{"embeddable":true,"href":"https:\/\/tv-tregor.com\/web-precedent\/wp-json\/wp\/v2\/comments?post=239"}],"version-history":[{"count":0,"href":"https:\/\/tv-tregor.com\/web-precedent\/wp-json\/wp\/v2\/posts\/239\/revisions"}],"wp:attachment":[{"href":"https:\/\/tv-tregor.com\/web-precedent\/wp-json\/wp\/v2\/media?parent=239"}],"wp:term":[{"taxonomy":"category","embeddable":true,"href":"https:\/\/tv-tregor.com\/web-precedent\/wp-json\/wp\/v2\/categories?post=239"},{"taxonomy":"post_tag","embeddable":true,"href":"https:\/\/tv-tregor.com\/web-precedent\/wp-json\/wp\/v2\/tags?post=239"}],"curies":[{"name":"wp","href":"https:\/\/api.w.org\/{rel}","templated":true}]}}