{"id":233,"date":"2008-02-20T08:00:00","date_gmt":"2008-02-20T07:00:00","guid":{"rendered":"http:\/\/tv-tregor.com\/web-precedent\/2008\/02\/20\/sante-sementilli-italien-cordonnier-et-historien-a-sa-maniere-853\/"},"modified":"2008-02-20T08:00:00","modified_gmt":"2008-02-20T07:00:00","slug":"sante-sementilli-italien-cordonnier-et-historien-a-sa-maniere-853","status":"publish","type":"post","link":"https:\/\/tv-tregor.com\/web-precedent\/2008\/02\/20\/sante-sementilli-italien-cordonnier-et-historien-a-sa-maniere-853\/","title":{"rendered":"Sant\u00e9 Sementilli, italien, cordonnier et historien \u00e0 sa mani\u00e8re &#8211; 8&rsquo;53"},"content":{"rendered":"<p><a href=\"https:\/\/tv-tregor.com\/web-precedent\/www\/streams\/cordonnier.html\" title=\"Regarder le sujet\">Regarder la vid\u00e9o <\/a><\/p>\n<p><a href=\"http:\/\/www.tv-tregor.com\/web-precedent\/www\/streams\/cordonnier.html\" title=\"Regarder le sujet\"><img decoding=\"async\" src=\"https:\/\/tv-tregor.com\/web-precedent\/IMG\/jpg\/cordonnier.jpg\" alt=\"cordonnier.jpg\" align=\"center\" \/><\/a> <\/p>\n<p> <BR> Pleumeur-Bodou sans la cordonnerie de Sant\u00e9 Sementilli ne serait pas le Pleumeur-Bodou que l&rsquo;on conna\u00eet. Depuis plus de 60 ann\u00e9es que cet italien s&rsquo;est install\u00e9, il fait parti des personnages incontournables du bourg.   D&rsquo;ici ou d&rsquo;ailleurs, beaucoup de pi\u00e8ces de cuir sont pass\u00e9es entre ses doigts de maestro. Chaussures us\u00e9es jusqu&rsquo;\u00e0 la semelle ou encore cartables d&rsquo;\u00e9coliers pas toujours soigneux ont retrouv\u00e9 une seconde vie \u00e0 son contact.  Mais Sant\u00e9 Sementilli, ce n&rsquo;est pas que des mains aux doigts d&rsquo;argent, c&rsquo;est aussi 60 ann\u00e9es de souvenirs du Tr\u00e9gor. Un pied dans son \u00e9choppe et le voyage de sa vie commence. Il a tout gard\u00e9. De ses premiers contrats de travail aux diff\u00e9rents mod\u00e8les de souliers en bois.  Et le tout s&rsquo;entrem\u00eale dans un v\u00e9ritable bric-\u00e0-brac peu ou pas organis\u00e9.<\/p>\n","protected":false},"excerpt":{"rendered":"<p><a href=\"https:\/\/tv-tregor.com\/web-precedent\/www\/streams\/cordonnier.html\" title=\"Regarder le sujet\">Regarder la vid\u00e9o <\/a><\/p>\n<p><a href=\"http:\/\/www.tv-tregor.com\/web-precedent\/www\/streams\/cordonnier.html\" title=\"Regarder le sujet\"><img decoding=\"async\" src=\"https:\/\/tv-tregor.com\/web-precedent\/IMG\/jpg\/cordonnier.jpg\" alt=\"cordonnier.jpg\" align=\"center\" \/><\/a> <\/p>\n<p> <BR> Pleumeur-Bodou sans la cordonnerie de Sant\u00e9 Sementilli ne serait pas le Pleumeur-Bodou que l&rsquo;on conna\u00eet. Depuis plus de 60  \u2026  <a href=\"https:\/\/tv-tregor.com\/web-precedent\/2008\/02\/20\/sante-sementilli-italien-cordonnier-et-historien-a-sa-maniere-853\/\">&#8230;lire le sujet&#8230; <span class=\"meta-nav\">&rarr; <\/span><\/a><\/p>\n","protected":false},"author":1,"featured_media":0,"comment_status":"open","ping_status":"open","sticky":false,"template":"","format":"standard","meta":{"footnotes":""},"categories":[23],"tags":[],"class_list":["post-233","post","type-post","status-publish","format-standard","hentry","category-patrimoine"],"_links":{"self":[{"href":"https:\/\/tv-tregor.com\/web-precedent\/wp-json\/wp\/v2\/posts\/233","targetHints":{"allow":["GET"]}}],"collection":[{"href":"https:\/\/tv-tregor.com\/web-precedent\/wp-json\/wp\/v2\/posts"}],"about":[{"href":"https:\/\/tv-tregor.com\/web-precedent\/wp-json\/wp\/v2\/types\/post"}],"author":[{"embeddable":true,"href":"https:\/\/tv-tregor.com\/web-precedent\/wp-json\/wp\/v2\/users\/1"}],"replies":[{"embeddable":true,"href":"https:\/\/tv-tregor.com\/web-precedent\/wp-json\/wp\/v2\/comments?post=233"}],"version-history":[{"count":0,"href":"https:\/\/tv-tregor.com\/web-precedent\/wp-json\/wp\/v2\/posts\/233\/revisions"}],"wp:attachment":[{"href":"https:\/\/tv-tregor.com\/web-precedent\/wp-json\/wp\/v2\/media?parent=233"}],"wp:term":[{"taxonomy":"category","embeddable":true,"href":"https:\/\/tv-tregor.com\/web-precedent\/wp-json\/wp\/v2\/categories?post=233"},{"taxonomy":"post_tag","embeddable":true,"href":"https:\/\/tv-tregor.com\/web-precedent\/wp-json\/wp\/v2\/tags?post=233"}],"curies":[{"name":"wp","href":"https:\/\/api.w.org\/{rel}","templated":true}]}}