{"id":232,"date":"2008-02-13T08:00:00","date_gmt":"2008-02-13T07:00:00","guid":{"rendered":"http:\/\/tv-tregor.com\/web-precedent\/2008\/02\/13\/therese-perron-maire-de-loguivy-plougras-526\/"},"modified":"2008-02-13T08:00:00","modified_gmt":"2008-02-13T07:00:00","slug":"therese-perron-maire-de-loguivy-plougras-526","status":"publish","type":"post","link":"https:\/\/tv-tregor.com\/web-precedent\/2008\/02\/13\/therese-perron-maire-de-loguivy-plougras-526\/","title":{"rendered":"Th\u00e9r\u00e8se Perron, Maire de Loguivy-Plougras &#8211; 5&rsquo;26"},"content":{"rendered":"<p><a href=\"https:\/\/tv-tregor.com\/web-precedent\/www\/streams\/thereseperron.html\" title=\"Regarder le sujet\">Regarder la vid\u00e9o <\/a><\/p>\n<p><a href=\"http:\/\/www.tv-tregor.com\/web-precedent\/www\/streams\/thereseperron.html\" title=\"Regarder le sujet\"><img decoding=\"async\" src=\"https:\/\/tv-tregor.com\/web-precedent\/IMG\/jpg\/therese.jpg\" alt=\"therese.jpg\" align=\"center\" \/><\/a> <\/p>\n<p> <BR> A l&rsquo;approche des \u00e9lections municipales, nous avons d\u00e9cid\u00e9 de nous pencher sur le parcours de quelques maires de petites communes du Tr\u00e9gor. Qu&rsquo;ils soient d\u00e9butants ou confirm\u00e9s, ces portraits montrent comment ces personnes envisagent leur r\u00f4le primordial dans les campagnes.  La seconde de la liste  est Th\u00e9r\u00e8se Perron, maire de la commune de Loguivy-Plougras et salari\u00e9e au foyer de Boubriac. Propuls\u00e9e \u00e0 ce poste en 2001, il a d\u00fb apprendre \u00e0 concilier sa vie professionnelle et sa fonction dont le ma\u00eetre est mot est : l&rsquo;\u00e9coute des citoyens.<\/p>\n","protected":false},"excerpt":{"rendered":"<p><a href=\"https:\/\/tv-tregor.com\/web-precedent\/www\/streams\/thereseperron.html\" title=\"Regarder le sujet\">Regarder la vid\u00e9o <\/a><\/p>\n<p><a href=\"http:\/\/www.tv-tregor.com\/web-precedent\/www\/streams\/thereseperron.html\" title=\"Regarder le sujet\"><img decoding=\"async\" src=\"https:\/\/tv-tregor.com\/web-precedent\/IMG\/jpg\/therese.jpg\" alt=\"therese.jpg\" align=\"center\" \/><\/a> <\/p>\n<p> <BR> A l&rsquo;approche des \u00e9lections municipales, nous avons d\u00e9cid\u00e9 de nous pencher sur le parcours de quelques maires de petites  \u2026  <a href=\"https:\/\/tv-tregor.com\/web-precedent\/2008\/02\/13\/therese-perron-maire-de-loguivy-plougras-526\/\">&#8230;lire le sujet&#8230; <span class=\"meta-nav\">&rarr; <\/span><\/a><\/p>\n","protected":false},"author":1,"featured_media":0,"comment_status":"open","ping_status":"open","sticky":false,"template":"","format":"standard","meta":{"footnotes":""},"categories":[2],"tags":[],"class_list":["post-232","post","type-post","status-publish","format-standard","hentry","category-info-locale"],"_links":{"self":[{"href":"https:\/\/tv-tregor.com\/web-precedent\/wp-json\/wp\/v2\/posts\/232","targetHints":{"allow":["GET"]}}],"collection":[{"href":"https:\/\/tv-tregor.com\/web-precedent\/wp-json\/wp\/v2\/posts"}],"about":[{"href":"https:\/\/tv-tregor.com\/web-precedent\/wp-json\/wp\/v2\/types\/post"}],"author":[{"embeddable":true,"href":"https:\/\/tv-tregor.com\/web-precedent\/wp-json\/wp\/v2\/users\/1"}],"replies":[{"embeddable":true,"href":"https:\/\/tv-tregor.com\/web-precedent\/wp-json\/wp\/v2\/comments?post=232"}],"version-history":[{"count":0,"href":"https:\/\/tv-tregor.com\/web-precedent\/wp-json\/wp\/v2\/posts\/232\/revisions"}],"wp:attachment":[{"href":"https:\/\/tv-tregor.com\/web-precedent\/wp-json\/wp\/v2\/media?parent=232"}],"wp:term":[{"taxonomy":"category","embeddable":true,"href":"https:\/\/tv-tregor.com\/web-precedent\/wp-json\/wp\/v2\/categories?post=232"},{"taxonomy":"post_tag","embeddable":true,"href":"https:\/\/tv-tregor.com\/web-precedent\/wp-json\/wp\/v2\/tags?post=232"}],"curies":[{"name":"wp","href":"https:\/\/api.w.org\/{rel}","templated":true}]}}