{"id":228,"date":"2008-01-30T17:05:00","date_gmt":"2008-01-30T16:05:00","guid":{"rendered":"http:\/\/tv-tregor.com\/web-precedent\/2008\/01\/30\/le-marche-de-lannion-302\/"},"modified":"2008-01-30T17:05:00","modified_gmt":"2008-01-30T16:05:00","slug":"le-marche-de-lannion-302","status":"publish","type":"post","link":"https:\/\/tv-tregor.com\/web-precedent\/2008\/01\/30\/le-marche-de-lannion-302\/","title":{"rendered":"Le march\u00e9 de Lannion &#8211; 3&rsquo;02"},"content":{"rendered":"<p><a href=\"https:\/\/tv-tregor.com\/web-precedent\/www\/streams\/marchelannion.html\" title=\"Regarder le sujet\">Regarder la vid\u00e9o <\/a><\/p>\n<p><a href=\"http:\/\/www.tv-tregor.com\/web-precedent\/www\/streams\/marchelannion.html\" title=\"Regarder le sujet\"><img decoding=\"async\" src=\"https:\/\/tv-tregor.com\/web-precedent\/IMG\/jpg\/marcheg.jpg\" alt=\"marcheg.jpg\" align=\"center\" \/><\/a> <\/p>\n<p> Ce reportage offre un regard personnel du march\u00e9 de Lannion. Anne, stagiaire \u00e0 Tr\u00e9gor vid\u00e9o,  a fr\u00f4l\u00e9 les pav\u00e9s du centre, non pas avec un sac pour porter les courses, mais avec une cam\u00e9ra pour y capturer les sc\u00e8nes quotidiennes. Discussions, d\u00e9gustations, achats, musiques environnantes&#8230;. Chantal Loro, b\u00e9n\u00e9vole de l&#8217;association, a particip\u00e9 aussi \u00e0 sa fa\u00e7on au tournage. Par mesure de s\u00e9curit\u00e9, nous vous signalons que cette simple travers\u00e9e en images peut r\u00e9veiller vos papilles et susciter votre app\u00e9tit. <\/p>\n","protected":false},"excerpt":{"rendered":"<p><a href=\"https:\/\/tv-tregor.com\/web-precedent\/www\/streams\/marchelannion.html\" title=\"Regarder le sujet\">Regarder la vid\u00e9o <\/a><\/p>\n<p><a href=\"http:\/\/www.tv-tregor.com\/web-precedent\/www\/streams\/marchelannion.html\" title=\"Regarder le sujet\"><img decoding=\"async\" src=\"https:\/\/tv-tregor.com\/web-precedent\/IMG\/jpg\/marcheg.jpg\" alt=\"marcheg.jpg\" align=\"center\" \/><\/a> <\/p>\n<p> Ce reportage offre un regard personnel du march\u00e9 de Lannion. Anne, stagiaire \u00e0 Tr\u00e9gor vid\u00e9o, a fr\u00f4l\u00e9 les pav\u00e9s du  \u2026  <a href=\"https:\/\/tv-tregor.com\/web-precedent\/2008\/01\/30\/le-marche-de-lannion-302\/\">&#8230;lire le sujet&#8230; <span class=\"meta-nav\">&rarr; <\/span><\/a><\/p>\n","protected":false},"author":1,"featured_media":0,"comment_status":"open","ping_status":"open","sticky":false,"template":"","format":"standard","meta":{"footnotes":""},"categories":[53],"tags":[],"class_list":["post-228","post","type-post","status-publish","format-standard","hentry","category-films-personnels"],"_links":{"self":[{"href":"https:\/\/tv-tregor.com\/web-precedent\/wp-json\/wp\/v2\/posts\/228","targetHints":{"allow":["GET"]}}],"collection":[{"href":"https:\/\/tv-tregor.com\/web-precedent\/wp-json\/wp\/v2\/posts"}],"about":[{"href":"https:\/\/tv-tregor.com\/web-precedent\/wp-json\/wp\/v2\/types\/post"}],"author":[{"embeddable":true,"href":"https:\/\/tv-tregor.com\/web-precedent\/wp-json\/wp\/v2\/users\/1"}],"replies":[{"embeddable":true,"href":"https:\/\/tv-tregor.com\/web-precedent\/wp-json\/wp\/v2\/comments?post=228"}],"version-history":[{"count":0,"href":"https:\/\/tv-tregor.com\/web-precedent\/wp-json\/wp\/v2\/posts\/228\/revisions"}],"wp:attachment":[{"href":"https:\/\/tv-tregor.com\/web-precedent\/wp-json\/wp\/v2\/media?parent=228"}],"wp:term":[{"taxonomy":"category","embeddable":true,"href":"https:\/\/tv-tregor.com\/web-precedent\/wp-json\/wp\/v2\/categories?post=228"},{"taxonomy":"post_tag","embeddable":true,"href":"https:\/\/tv-tregor.com\/web-precedent\/wp-json\/wp\/v2\/tags?post=228"}],"curies":[{"name":"wp","href":"https:\/\/api.w.org\/{rel}","templated":true}]}}