{"id":227,"date":"2008-01-30T08:00:00","date_gmt":"2008-01-30T07:00:00","guid":{"rendered":"http:\/\/tv-tregor.com\/web-precedent\/2008\/01\/30\/didier-rogard-maire-de-pleudaniel-703\/"},"modified":"2008-01-30T08:00:00","modified_gmt":"2008-01-30T07:00:00","slug":"didier-rogard-maire-de-pleudaniel-703","status":"publish","type":"post","link":"https:\/\/tv-tregor.com\/web-precedent\/2008\/01\/30\/didier-rogard-maire-de-pleudaniel-703\/","title":{"rendered":"Didier Rogard, maire de Pleudaniel &#8211; 7&rsquo;03"},"content":{"rendered":"<p><a href=\"https:\/\/tv-tregor.com\/web-precedent\/www\/streams\/rogard.html\" title=\"Regarder le sujet\">Regarder la vid\u00e9o <\/a><\/p>\n<p><a href=\"http:\/\/www.tv-tregor.com\/web-precedent\/www\/streams\/rogard.html\" title=\"Regarder le sujet\"><img decoding=\"async\" src=\"https:\/\/tv-tregor.com\/web-precedent\/IMG\/jpg\/pleudanielmairegr.jpg\" alt=\"pleudanielmairegr.jpg\" align=\"center\" \/><\/a> <\/p>\n<p>  <BR>cgA l&rsquo;approche des \u00e9lections municipales, nous avons d\u00e9cid\u00e9 de nous pencher sur le parcours de quelques maires de petites communes du Tr\u00e9gor. Qu&rsquo;ils soient d\u00e9butants ou confirm\u00e9s, ces portraits montrent comment ces personnes envisagent leur r\u00f4le primordial dans les campagnes. Le premier de la liste  est Didier Rogard, maire de la commune de Pleudaniel et chef d&rsquo;entreprise. Propuls\u00e9 \u00e0 ce poste en 2001, il a d\u00fb apprendre \u00e0 concilier sa vie professionnelle et sa fonction dont le ma\u00eetre mot est : l&rsquo;\u00e9coute des citoyens.<\/p>\n","protected":false},"excerpt":{"rendered":"<p><a href=\"https:\/\/tv-tregor.com\/web-precedent\/www\/streams\/rogard.html\" title=\"Regarder le sujet\">Regarder la vid\u00e9o <\/a><\/p>\n<p><a href=\"http:\/\/www.tv-tregor.com\/web-precedent\/www\/streams\/rogard.html\" title=\"Regarder le sujet\"><img decoding=\"async\" src=\"https:\/\/tv-tregor.com\/web-precedent\/IMG\/jpg\/pleudanielmairegr.jpg\" alt=\"pleudanielmairegr.jpg\" align=\"center\" \/><\/a> <\/p>\n<p> <BR>cgA l&rsquo;approche des \u00e9lections municipales, nous avons d\u00e9cid\u00e9 de nous pencher sur le parcours de quelques maires de petites communes  \u2026  <a href=\"https:\/\/tv-tregor.com\/web-precedent\/2008\/01\/30\/didier-rogard-maire-de-pleudaniel-703\/\">&#8230;lire le sujet&#8230; <span class=\"meta-nav\">&rarr; <\/span><\/a><\/p>\n","protected":false},"author":1,"featured_media":0,"comment_status":"open","ping_status":"open","sticky":false,"template":"","format":"standard","meta":{"footnotes":""},"categories":[2],"tags":[],"class_list":["post-227","post","type-post","status-publish","format-standard","hentry","category-info-locale"],"_links":{"self":[{"href":"https:\/\/tv-tregor.com\/web-precedent\/wp-json\/wp\/v2\/posts\/227","targetHints":{"allow":["GET"]}}],"collection":[{"href":"https:\/\/tv-tregor.com\/web-precedent\/wp-json\/wp\/v2\/posts"}],"about":[{"href":"https:\/\/tv-tregor.com\/web-precedent\/wp-json\/wp\/v2\/types\/post"}],"author":[{"embeddable":true,"href":"https:\/\/tv-tregor.com\/web-precedent\/wp-json\/wp\/v2\/users\/1"}],"replies":[{"embeddable":true,"href":"https:\/\/tv-tregor.com\/web-precedent\/wp-json\/wp\/v2\/comments?post=227"}],"version-history":[{"count":0,"href":"https:\/\/tv-tregor.com\/web-precedent\/wp-json\/wp\/v2\/posts\/227\/revisions"}],"wp:attachment":[{"href":"https:\/\/tv-tregor.com\/web-precedent\/wp-json\/wp\/v2\/media?parent=227"}],"wp:term":[{"taxonomy":"category","embeddable":true,"href":"https:\/\/tv-tregor.com\/web-precedent\/wp-json\/wp\/v2\/categories?post=227"},{"taxonomy":"post_tag","embeddable":true,"href":"https:\/\/tv-tregor.com\/web-precedent\/wp-json\/wp\/v2\/tags?post=227"}],"curies":[{"name":"wp","href":"https:\/\/api.w.org\/{rel}","templated":true}]}}