{"id":226,"date":"2008-01-25T17:48:07","date_gmt":"2008-01-25T16:48:07","guid":{"rendered":"http:\/\/tv-tregor.com\/web-precedent\/2008\/01\/25\/television-publique-les-consommateurs-hostiles-a-payer-pour-ne-plus-voir-la-pub\/"},"modified":"2016-01-17T20:52:56","modified_gmt":"2016-01-17T19:52:56","slug":"television-publique-les-consommateurs-hostiles-a-payer-pour-ne-plus-voir-la-pub","status":"publish","type":"post","link":"https:\/\/tv-tregor.com\/web-precedent\/2008\/01\/25\/television-publique-les-consommateurs-hostiles-a-payer-pour-ne-plus-voir-la-pub\/","title":{"rendered":"T\u00e9l\u00e9vision publique: Les consommateurs hostiles \u00e0 payer pour ne plus voir la pub !"},"content":{"rendered":"<p>&nbsp;<\/p>\n<p>Communiqu\u00e9 de presse Le 24 janvier 2008 T\u00e9l\u00e9vision publique: Les consommateurs hostiles \u00e0 payer pour ne plus voir la pub ! Apr\u00e8s l\u2019annonce surprise par le Pr\u00e9sident de la R\u00e9publique de sa volont\u00e9 de supprimer la publicit\u00e9 sur les cha\u00eenes de t\u00e9l\u00e9vision du service public, l\u2019essentiel des discussions et des interrogations porte aujourd\u2019hui sur les mesures \u00e0 mettre en \u0153uvre pour que ce service public puisse avoir les moyens de continuer \u00e0 fonctionner et \u00e0 se d\u00e9velopper. La piste initialement ouverte par le Pr\u00e9sident de la R\u00e9publique comprenait deux volets : l\u2019application d\u2019une taxe sur les revenus publicitaires des cha\u00eenes priv\u00e9es d\u2019une part et d\u2019une taxe sur les revenus des fournisseurs d\u2019acc\u00e8s Internet et op\u00e9rateurs de t\u00e9l\u00e9phonie mobile de l\u2019autre. Le premier volet semble aller de soi : il ne fait aucun doute que les cha\u00eenes priv\u00e9es b\u00e9n\u00e9ficieront tr\u00e8s largement de la suppression de la publicit\u00e9 sur les cha\u00eenes du service public, les investissements publicitaires faits jusque l\u00e0 sur ces antennes se reportant massivement sur elles tandis qu\u2019elles pourront sans difficult\u00e9 faire augmenter le prix de leurs \u00e9crans. Ce que l\u2019Etat donne d\u2019une main, il le reprendrait donc de l\u2019autre, et c\u2019est de bonne guerre. La CLCV est en revanche r\u00e9serv\u00e9e quant \u00e0 la deuxi\u00e8me partie de la proposition, \u00e0 savoir la mise en \u0153uvre d\u2019une nouvelle taxe sur les fournisseurs d\u2019acc\u00e8s et op\u00e9rateurs de t\u00e9l\u00e9phonie mobile. Il est tout d\u2019abord difficile de trouver la justification d\u2019une telle taxe dans la mesure o\u00f9 l\u2019\u00e9ventuel report d\u2019investissements publicitaires sur les nouveaux m\u00e9dias que sont l\u2019internet et le t\u00e9l\u00e9phone mobile b\u00e9n\u00e9ficiera en premier lieu aux \u00e9diteurs de contenus, et non aux op\u00e9rateurs de communications \u00e9lectroniques. D\u2019autre part, et surtout, il ne fait aucun doute qu\u2019une telle taxe se retrouverait r\u00e9percut\u00e9e sur le montant des abonnements et frais pay\u00e9s par les consommateurs. Ceux-ci se retrouveraient donc oblig\u00e9s de payer, qu\u2019ils soient d\u2019accord ou non, pour financer la disparition de la publicit\u00e9 sur les cha\u00eenes publiques\u2026 Et cela \u00e0 l\u2019heure o\u00f9 l\u2019on ne cesse d\u2019\u00e9voquer, \u00e0 juste titre, les difficult\u00e9s de pouvoir d\u2019achat des m\u00e9nages, li\u00e9es en partie au d\u00e9veloppement de ce poste budg\u00e9taire que repr\u00e9sentent les nouveaux moyens de communication\u2026 Quant \u00e0 la nouvelle id\u00e9e qui semble prendre corps, pr\u00e9voyant le d\u00e9veloppement d\u2019une taxe sur tous les mat\u00e9riels servant, plus ou moins, \u00e0 regarder la t\u00e9l\u00e9vision (t\u00e9l\u00e9viseurs, ordinateurs, t\u00e9l\u00e9phone mobile, \u2026), la CLCV s\u2019y opposera encore plus fermement, pour les m\u00eames raisons que celles d\u00e9j\u00e0 cit\u00e9es. Notre \u00e9tude r\u00e9alis\u00e9e par MV2\/SSI d\u00e9montre que les Fran\u00e7ais sont majoritairement favorables \u00e0 la suppression de la publicit\u00e9 sur les cha\u00eenes publiques (54%), mais jugent cette mesure non prioritaire pour 78% et souhaitent que cette suppression soit compens\u00e9e par le seul pr\u00e9l\u00e8vement sur les publicit\u00e9s des cha\u00eenes priv\u00e9es. La CLCV est fondamentalement attach\u00e9e \u00e0 l\u2019existence d\u2019un service public audiovisuel de qualit\u00e9 ; dans un environnement concurrentiel, il est n\u00e9cessaire pour cela de lui assurer les moyens de fonctionner. En d\u00e9cidant de priver les cha\u00eenes publiques du b\u00e9n\u00e9fice des investissements publicitaires, les pouvoirs publics s\u2019imposent l\u2019ardente obligation de trouver de nouvelles ressources ; mais celles-ci ne doivent en aucun cas reposer \u00e0 nouveau sur une contribution suppl\u00e9mentaire demand\u00e9e aux consommateurs, d\u00e9j\u00e0 (trop) largement sollicit\u00e9s par ailleurs.<\/p>\n<p>&#8212;&#8212;&#8212;&#8212;&#8212;&#8212;&#8212;&#8212;&#8212;&#8212;&#8212;&#8212;&#8212;&#8212;&#8212;&#8212;&#8212;&#8212;&#8212;&#8212;&#8212;&#8212;&#8211;<\/p>\n<p>Contact: Christian SAQUET Pr\u00e9sident R\u00e9gion BRETAGNE 06 62 40 17 55<\/p>\n","protected":false},"excerpt":{"rendered":"<p>&nbsp;<\/p>\n<p>Communiqu\u00e9 de presse Le 24 janvier 2008 T\u00e9l\u00e9vision publique: Les consommateurs hostiles \u00e0 payer pour ne plus voir la pub ! Apr\u00e8s l\u2019annonce surprise par le Pr\u00e9sident de la R\u00e9publique de sa volont\u00e9 de supprimer la publicit\u00e9 sur les  \u2026  <a href=\"https:\/\/tv-tregor.com\/web-precedent\/2008\/01\/25\/television-publique-les-consommateurs-hostiles-a-payer-pour-ne-plus-voir-la-pub\/\">&#8230;lire le sujet&#8230; <span class=\"meta-nav\">&rarr; <\/span><\/a><\/p>\n","protected":false},"author":1,"featured_media":0,"comment_status":"open","ping_status":"open","sticky":false,"template":"","format":"standard","meta":{"footnotes":""},"categories":[25],"tags":[],"class_list":["post-226","post","type-post","status-publish","format-standard","hentry","category-infos-conso"],"_links":{"self":[{"href":"https:\/\/tv-tregor.com\/web-precedent\/wp-json\/wp\/v2\/posts\/226","targetHints":{"allow":["GET"]}}],"collection":[{"href":"https:\/\/tv-tregor.com\/web-precedent\/wp-json\/wp\/v2\/posts"}],"about":[{"href":"https:\/\/tv-tregor.com\/web-precedent\/wp-json\/wp\/v2\/types\/post"}],"author":[{"embeddable":true,"href":"https:\/\/tv-tregor.com\/web-precedent\/wp-json\/wp\/v2\/users\/1"}],"replies":[{"embeddable":true,"href":"https:\/\/tv-tregor.com\/web-precedent\/wp-json\/wp\/v2\/comments?post=226"}],"version-history":[{"count":1,"href":"https:\/\/tv-tregor.com\/web-precedent\/wp-json\/wp\/v2\/posts\/226\/revisions"}],"predecessor-version":[{"id":884,"href":"https:\/\/tv-tregor.com\/web-precedent\/wp-json\/wp\/v2\/posts\/226\/revisions\/884"}],"wp:attachment":[{"href":"https:\/\/tv-tregor.com\/web-precedent\/wp-json\/wp\/v2\/media?parent=226"}],"wp:term":[{"taxonomy":"category","embeddable":true,"href":"https:\/\/tv-tregor.com\/web-precedent\/wp-json\/wp\/v2\/categories?post=226"},{"taxonomy":"post_tag","embeddable":true,"href":"https:\/\/tv-tregor.com\/web-precedent\/wp-json\/wp\/v2\/tags?post=226"}],"curies":[{"name":"wp","href":"https:\/\/api.w.org\/{rel}","templated":true}]}}