{"id":215,"date":"2007-12-05T08:00:00","date_gmt":"2007-12-05T07:00:00","guid":{"rendered":"http:\/\/tv-tregor.com\/web-precedent\/2007\/12\/05\/manifestation-des-avocats-453\/"},"modified":"2007-12-05T08:00:00","modified_gmt":"2007-12-05T07:00:00","slug":"manifestation-des-avocats-453","status":"publish","type":"post","link":"https:\/\/tv-tregor.com\/web-precedent\/2007\/12\/05\/manifestation-des-avocats-453\/","title":{"rendered":"Manifestation des avocats &#8211; 4&rsquo;53"},"content":{"rendered":"<p><a href=\"https:\/\/tv-tregor.com\/web-precedent\/www\/streams\/maniftribu.html\" title=\"Regarder le sujet\">Regarder la vid\u00e9o <\/a><\/p>\n<p><a href=\"http:\/\/www.tv-tregor.com\/web-precedent\/www\/streams\/maniftribu.html\" title=\"Regarder le sujet\"><img decoding=\"async\" src=\"https:\/\/tv-tregor.com\/web-precedent\/IMG\/jpg\/maniftribg.jpg\" alt=\"maniftribg.jpg\" align=\"center\" \/><\/a> <\/p>\n<p>  <BR>Apr\u00e8s les lyc\u00e9ens, c&#8217;est au tour des avocats et personnel de justice de Lannion et de Guingamp d&#8217;occuper le pav\u00e9. Jeudi 29 novembre ils manifestaient pour d\u00e9fendre le maintien des tribunaux d&#8217;instance et de grande instance de la r\u00e9gion menac\u00e9s par la r\u00e9forme de la carte judiciaire. Sur la sellette : Rachida Dati, \u00e0 l&#8217;origine de cette loi.  <\/p>\n","protected":false},"excerpt":{"rendered":"<p><a href=\"https:\/\/tv-tregor.com\/web-precedent\/www\/streams\/maniftribu.html\" title=\"Regarder le sujet\">Regarder la vid\u00e9o <\/a><\/p>\n<p><a href=\"http:\/\/www.tv-tregor.com\/web-precedent\/www\/streams\/maniftribu.html\" title=\"Regarder le sujet\"><img decoding=\"async\" src=\"https:\/\/tv-tregor.com\/web-precedent\/IMG\/jpg\/maniftribg.jpg\" alt=\"maniftribg.jpg\" align=\"center\" \/><\/a> <\/p>\n<p> <BR>Apr\u00e8s les lyc\u00e9ens, c&#8217;est au tour des avocats et personnel de justice de Lannion et de Guingamp d&#8217;occuper le pav\u00e9.  \u2026  <a href=\"https:\/\/tv-tregor.com\/web-precedent\/2007\/12\/05\/manifestation-des-avocats-453\/\">&#8230;lire le sujet&#8230; <span class=\"meta-nav\">&rarr; <\/span><\/a><\/p>\n","protected":false},"author":1,"featured_media":0,"comment_status":"open","ping_status":"open","sticky":false,"template":"","format":"standard","meta":{"footnotes":""},"categories":[2],"tags":[],"class_list":["post-215","post","type-post","status-publish","format-standard","hentry","category-info-locale"],"_links":{"self":[{"href":"https:\/\/tv-tregor.com\/web-precedent\/wp-json\/wp\/v2\/posts\/215","targetHints":{"allow":["GET"]}}],"collection":[{"href":"https:\/\/tv-tregor.com\/web-precedent\/wp-json\/wp\/v2\/posts"}],"about":[{"href":"https:\/\/tv-tregor.com\/web-precedent\/wp-json\/wp\/v2\/types\/post"}],"author":[{"embeddable":true,"href":"https:\/\/tv-tregor.com\/web-precedent\/wp-json\/wp\/v2\/users\/1"}],"replies":[{"embeddable":true,"href":"https:\/\/tv-tregor.com\/web-precedent\/wp-json\/wp\/v2\/comments?post=215"}],"version-history":[{"count":0,"href":"https:\/\/tv-tregor.com\/web-precedent\/wp-json\/wp\/v2\/posts\/215\/revisions"}],"wp:attachment":[{"href":"https:\/\/tv-tregor.com\/web-precedent\/wp-json\/wp\/v2\/media?parent=215"}],"wp:term":[{"taxonomy":"category","embeddable":true,"href":"https:\/\/tv-tregor.com\/web-precedent\/wp-json\/wp\/v2\/categories?post=215"},{"taxonomy":"post_tag","embeddable":true,"href":"https:\/\/tv-tregor.com\/web-precedent\/wp-json\/wp\/v2\/tags?post=215"}],"curies":[{"name":"wp","href":"https:\/\/api.w.org\/{rel}","templated":true}]}}