{"id":212,"date":"2007-11-27T08:33:53","date_gmt":"2007-11-27T07:33:53","guid":{"rendered":"http:\/\/tv-tregor.com\/web-precedent\/2007\/11\/27\/le-glas-des-sonneurs-de-cloches-250\/"},"modified":"2007-11-27T08:33:53","modified_gmt":"2007-11-27T07:33:53","slug":"le-glas-des-sonneurs-de-cloches-250","status":"publish","type":"post","link":"https:\/\/tv-tregor.com\/web-precedent\/2007\/11\/27\/le-glas-des-sonneurs-de-cloches-250\/","title":{"rendered":"Le glas des sonneurs de cloches &#8211; 2&rsquo;50"},"content":{"rendered":"<p><a href=\"https:\/\/tv-tregor.com\/web-precedent\/www\/streams\/leglas.html\" title=\"Regarder le sujet\">Regarder la vid\u00e9o <\/a><\/p>\n<p><a href=\"http:\/\/www.tv-tregor.com\/web-precedent\/www\/streams\/leglas.html\" title=\"Regarder le sujet\"><img decoding=\"async\" src=\"https:\/\/tv-tregor.com\/web-precedent\/IMG\/jpg\/clocheg.jpg\" alt=\"clocheg.jpg\" align=\"center\" \/><\/a> <\/p>\n<p>  <BR>En 1988, l&#8217;\u00e9lectrification des cloches de l&#8217;\u00e9glise de Caouennec avait sonn\u00e9 l&#8217;heure de la retraire pour Anne et Yves Marjou. Ils rythmaient la vie de leurs concitoyens au gr\u00e9 des naissances, des d\u00e9c\u00e9s, du tocsin&#8230;  Nous les avions rencontr\u00e9s \u00e0 cette \u00e9poque et nous leur avions donn\u00e9 la parole.  <\/p>\n","protected":false},"excerpt":{"rendered":"<p><a href=\"https:\/\/tv-tregor.com\/web-precedent\/www\/streams\/leglas.html\" title=\"Regarder le sujet\">Regarder la vid\u00e9o <\/a><\/p>\n<p><a href=\"http:\/\/www.tv-tregor.com\/web-precedent\/www\/streams\/leglas.html\" title=\"Regarder le sujet\"><img decoding=\"async\" src=\"https:\/\/tv-tregor.com\/web-precedent\/IMG\/jpg\/clocheg.jpg\" alt=\"clocheg.jpg\" align=\"center\" \/><\/a> <\/p>\n<p> <BR>En 1988, l&#8217;\u00e9lectrification des cloches de l&#8217;\u00e9glise de Caouennec avait sonn\u00e9 l&#8217;heure de la retraire pour Anne et Yves Marjou.  \u2026  <a href=\"https:\/\/tv-tregor.com\/web-precedent\/2007\/11\/27\/le-glas-des-sonneurs-de-cloches-250\/\">&#8230;lire le sujet&#8230; <span class=\"meta-nav\">&rarr; <\/span><\/a><\/p>\n","protected":false},"author":1,"featured_media":0,"comment_status":"open","ping_status":"open","sticky":false,"template":"","format":"standard","meta":{"footnotes":""},"categories":[23],"tags":[],"class_list":["post-212","post","type-post","status-publish","format-standard","hentry","category-patrimoine"],"_links":{"self":[{"href":"https:\/\/tv-tregor.com\/web-precedent\/wp-json\/wp\/v2\/posts\/212","targetHints":{"allow":["GET"]}}],"collection":[{"href":"https:\/\/tv-tregor.com\/web-precedent\/wp-json\/wp\/v2\/posts"}],"about":[{"href":"https:\/\/tv-tregor.com\/web-precedent\/wp-json\/wp\/v2\/types\/post"}],"author":[{"embeddable":true,"href":"https:\/\/tv-tregor.com\/web-precedent\/wp-json\/wp\/v2\/users\/1"}],"replies":[{"embeddable":true,"href":"https:\/\/tv-tregor.com\/web-precedent\/wp-json\/wp\/v2\/comments?post=212"}],"version-history":[{"count":0,"href":"https:\/\/tv-tregor.com\/web-precedent\/wp-json\/wp\/v2\/posts\/212\/revisions"}],"wp:attachment":[{"href":"https:\/\/tv-tregor.com\/web-precedent\/wp-json\/wp\/v2\/media?parent=212"}],"wp:term":[{"taxonomy":"category","embeddable":true,"href":"https:\/\/tv-tregor.com\/web-precedent\/wp-json\/wp\/v2\/categories?post=212"},{"taxonomy":"post_tag","embeddable":true,"href":"https:\/\/tv-tregor.com\/web-precedent\/wp-json\/wp\/v2\/tags?post=212"}],"curies":[{"name":"wp","href":"https:\/\/api.w.org\/{rel}","templated":true}]}}