{"id":211,"date":"2007-11-07T08:00:00","date_gmt":"2007-11-07T07:00:00","guid":{"rendered":"http:\/\/tv-tregor.com\/web-precedent\/2007\/11\/07\/la-fete-du-ble-noir-445\/"},"modified":"2007-11-07T08:00:00","modified_gmt":"2007-11-07T07:00:00","slug":"la-fete-du-ble-noir-445","status":"publish","type":"post","link":"https:\/\/tv-tregor.com\/web-precedent\/2007\/11\/07\/la-fete-du-ble-noir-445\/","title":{"rendered":"La f\u00eate du bl\u00e9 noir &#8211; 4&rsquo;45"},"content":{"rendered":"<p><a href=\"https:\/\/tv-tregor.com\/web-precedent\/www\/streams\/blesnoirs.html\" title=\"Regarder le sujet\">Regarder la vid\u00e9o <\/a><\/p>\n<p><a href=\"http:\/\/www.tv-tregor.com\/web-precedent\/www\/streams\/blesnoirs.html\" title=\"Regarder le sujet\"><img decoding=\"async\" src=\"https:\/\/tv-tregor.com\/web-precedent\/IMG\/jpg\/blenoirg.jpg\" alt=\"blenoirg.jpg\" align=\"center\" \/><\/a> <\/p>\n<p>  <BR>Chaque ann\u00e9e, le village gaulois de Pleumeur-Bodou f\u00eate le bl\u00e9 noir. R\u00e9colte et battage \u00e0 l&rsquo;ancienne sous la direction des anciens. Pas de nostalgie dans la m\u00e9moire de Louis Couls et d&rsquo;Yves Le Meur, mais les souvenirs d&rsquo;un ancien agriculteur et d&rsquo;un ancien entrepreneur agricole heureux de faire partager un savoir faire qui, malheureusement, disparaitra peut-\u00eatre avec eux.<\/p>\n","protected":false},"excerpt":{"rendered":"<p><a href=\"https:\/\/tv-tregor.com\/web-precedent\/www\/streams\/blesnoirs.html\" title=\"Regarder le sujet\">Regarder la vid\u00e9o <\/a><\/p>\n<p><a href=\"http:\/\/www.tv-tregor.com\/web-precedent\/www\/streams\/blesnoirs.html\" title=\"Regarder le sujet\"><img decoding=\"async\" src=\"https:\/\/tv-tregor.com\/web-precedent\/IMG\/jpg\/blenoirg.jpg\" alt=\"blenoirg.jpg\" align=\"center\" \/><\/a> <\/p>\n<p> <BR>Chaque ann\u00e9e, le village gaulois de Pleumeur-Bodou f\u00eate le bl\u00e9 noir. R\u00e9colte et battage \u00e0 l&rsquo;ancienne sous la direction des  \u2026  <a href=\"https:\/\/tv-tregor.com\/web-precedent\/2007\/11\/07\/la-fete-du-ble-noir-445\/\">&#8230;lire le sujet&#8230; <span class=\"meta-nav\">&rarr; <\/span><\/a><\/p>\n","protected":false},"author":1,"featured_media":0,"comment_status":"open","ping_status":"open","sticky":false,"template":"","format":"standard","meta":{"footnotes":""},"categories":[2],"tags":[],"class_list":["post-211","post","type-post","status-publish","format-standard","hentry","category-info-locale"],"_links":{"self":[{"href":"https:\/\/tv-tregor.com\/web-precedent\/wp-json\/wp\/v2\/posts\/211","targetHints":{"allow":["GET"]}}],"collection":[{"href":"https:\/\/tv-tregor.com\/web-precedent\/wp-json\/wp\/v2\/posts"}],"about":[{"href":"https:\/\/tv-tregor.com\/web-precedent\/wp-json\/wp\/v2\/types\/post"}],"author":[{"embeddable":true,"href":"https:\/\/tv-tregor.com\/web-precedent\/wp-json\/wp\/v2\/users\/1"}],"replies":[{"embeddable":true,"href":"https:\/\/tv-tregor.com\/web-precedent\/wp-json\/wp\/v2\/comments?post=211"}],"version-history":[{"count":0,"href":"https:\/\/tv-tregor.com\/web-precedent\/wp-json\/wp\/v2\/posts\/211\/revisions"}],"wp:attachment":[{"href":"https:\/\/tv-tregor.com\/web-precedent\/wp-json\/wp\/v2\/media?parent=211"}],"wp:term":[{"taxonomy":"category","embeddable":true,"href":"https:\/\/tv-tregor.com\/web-precedent\/wp-json\/wp\/v2\/categories?post=211"},{"taxonomy":"post_tag","embeddable":true,"href":"https:\/\/tv-tregor.com\/web-precedent\/wp-json\/wp\/v2\/tags?post=211"}],"curies":[{"name":"wp","href":"https:\/\/api.w.org\/{rel}","templated":true}]}}