{"id":209,"date":"2007-11-01T08:00:00","date_gmt":"2007-11-01T07:00:00","guid":{"rendered":"http:\/\/tv-tregor.com\/web-precedent\/2007\/11\/01\/otages-du-monde-325\/"},"modified":"2007-11-01T08:00:00","modified_gmt":"2007-11-01T07:00:00","slug":"otages-du-monde-325","status":"publish","type":"post","link":"https:\/\/tv-tregor.com\/web-precedent\/2007\/11\/01\/otages-du-monde-325\/","title":{"rendered":"Otages du monde &#8211; 3&rsquo;25"},"content":{"rendered":"<p><a href=\"https:\/\/tv-tregor.com\/web-precedent\/www\/streams\/otages.html\" title=\"Regarder le sujet\">Regarder la vid\u00e9o <\/a><\/p>\n<p><a href=\"http:\/\/www.tv-tregor.com\/web-precedent\/www\/streams\/otages.html\" title=\"Regarder le sujet\"><img decoding=\"async\" src=\"https:\/\/tv-tregor.com\/web-precedent\/IMG\/jpg\/otagesg.jpg\" alt=\"otagesg.jpg\" align=\"center\" \/><\/a> <\/p>\n<p>  <BR>L&rsquo;association \u00ab\u00a0Otages du Monde\u00a0\u00bb tente par ses nombreuses actions, depuis 2004, de sensibiliser aux situations de prise d&rsquo;otage. Le 25 septembre 2007, l&rsquo;association organisait \u00e0 Tr\u00e9gueux une journ\u00e9e de mobilisation sur le th\u00e8me du statut de l&rsquo;otage et son suivi apr\u00e8s la d\u00e9tention. L&rsquo;occasion, pour d&rsquo;anciens otages de t\u00e9moigner de leur d\u00e9tention et pour leurs proches des difficult\u00e9s \u00e0 faire face \u00e0 une telle situation.   Un reportage r\u00e9alis\u00e9  par Jonathan Boissay et Sarah Balouna\u00efck, \u00e9tudiants en journalisme \u00e0 l&rsquo;IUT de Lannion.<\/p>\n","protected":false},"excerpt":{"rendered":"<p><a href=\"https:\/\/tv-tregor.com\/web-precedent\/www\/streams\/otages.html\" title=\"Regarder le sujet\">Regarder la vid\u00e9o <\/a><\/p>\n<p><a href=\"http:\/\/www.tv-tregor.com\/web-precedent\/www\/streams\/otages.html\" title=\"Regarder le sujet\"><img decoding=\"async\" src=\"https:\/\/tv-tregor.com\/web-precedent\/IMG\/jpg\/otagesg.jpg\" alt=\"otagesg.jpg\" align=\"center\" \/><\/a> <\/p>\n<p> <BR>L&rsquo;association \u00ab\u00a0Otages du Monde\u00a0\u00bb tente par ses nombreuses actions, depuis 2004, de sensibiliser aux situations de prise d&rsquo;otage. Le 25  \u2026  <a href=\"https:\/\/tv-tregor.com\/web-precedent\/2007\/11\/01\/otages-du-monde-325\/\">&#8230;lire le sujet&#8230; <span class=\"meta-nav\">&rarr; <\/span><\/a><\/p>\n","protected":false},"author":1,"featured_media":0,"comment_status":"open","ping_status":"open","sticky":false,"template":"","format":"standard","meta":{"footnotes":""},"categories":[2],"tags":[],"class_list":["post-209","post","type-post","status-publish","format-standard","hentry","category-info-locale"],"_links":{"self":[{"href":"https:\/\/tv-tregor.com\/web-precedent\/wp-json\/wp\/v2\/posts\/209","targetHints":{"allow":["GET"]}}],"collection":[{"href":"https:\/\/tv-tregor.com\/web-precedent\/wp-json\/wp\/v2\/posts"}],"about":[{"href":"https:\/\/tv-tregor.com\/web-precedent\/wp-json\/wp\/v2\/types\/post"}],"author":[{"embeddable":true,"href":"https:\/\/tv-tregor.com\/web-precedent\/wp-json\/wp\/v2\/users\/1"}],"replies":[{"embeddable":true,"href":"https:\/\/tv-tregor.com\/web-precedent\/wp-json\/wp\/v2\/comments?post=209"}],"version-history":[{"count":0,"href":"https:\/\/tv-tregor.com\/web-precedent\/wp-json\/wp\/v2\/posts\/209\/revisions"}],"wp:attachment":[{"href":"https:\/\/tv-tregor.com\/web-precedent\/wp-json\/wp\/v2\/media?parent=209"}],"wp:term":[{"taxonomy":"category","embeddable":true,"href":"https:\/\/tv-tregor.com\/web-precedent\/wp-json\/wp\/v2\/categories?post=209"},{"taxonomy":"post_tag","embeddable":true,"href":"https:\/\/tv-tregor.com\/web-precedent\/wp-json\/wp\/v2\/tags?post=209"}],"curies":[{"name":"wp","href":"https:\/\/api.w.org\/{rel}","templated":true}]}}