{"id":208,"date":"2007-10-24T08:00:00","date_gmt":"2007-10-24T07:00:00","guid":{"rendered":"http:\/\/tv-tregor.com\/web-precedent\/2007\/10\/24\/manifestation-pour-les-sans-papiers-357\/"},"modified":"2007-10-24T08:00:00","modified_gmt":"2007-10-24T07:00:00","slug":"manifestation-pour-les-sans-papiers-357","status":"publish","type":"post","link":"https:\/\/tv-tregor.com\/web-precedent\/2007\/10\/24\/manifestation-pour-les-sans-papiers-357\/","title":{"rendered":"Manifestation pour les sans papiers &#8211; 3&rsquo;57"},"content":{"rendered":"<p><a href=\"https:\/\/tv-tregor.com\/web-precedent\/www\/streams\/expulsion.html\" title=\"Regarder le sujet\">Regarder la vid\u00e9o <\/a><\/p>\n<p><a href=\"http:\/\/www.tv-tregor.com\/web-precedent\/www\/streams\/expulsion.html\" title=\"Regarder le sujet\"><img decoding=\"async\" src=\"https:\/\/tv-tregor.com\/web-precedent\/IMG\/jpg\/expulsiong.jpg\" alt=\"expulsiong.jpg\" align=\"center\" \/><\/a> <\/p>\n<p>  <BR>La vague des expulsions mise en place par le gouvernement, ne laisse pas indiff\u00e9rent la population du Tr\u00e9gor-Go\u00eblo. Le samedi 6 octobre plusieurs centaines de citoyens ont manifest\u00e9 leur refus des exclusions de sans-papiers. En solidarit\u00e9 avec la famille g\u00e9orgienne, arriv\u00e9e en France en 2002 mais menac\u00e9e d&rsquo;un arr\u00eat\u00e9 d&rsquo;obligation de quitter le territoire, de jeunes coll\u00e9giens, pr\u00e9sents \u00e0 la manifestation, ont r\u00e9clam\u00e9 le droit \u00e0 l&rsquo;int\u00e9gration de Lasha et Temori, \u00e2g\u00e9s respectivement de 15 et 3 ans, tous deux scolaris\u00e9s \u00e0 Lannion.<\/p>\n","protected":false},"excerpt":{"rendered":"<p><a href=\"https:\/\/tv-tregor.com\/web-precedent\/www\/streams\/expulsion.html\" title=\"Regarder le sujet\">Regarder la vid\u00e9o <\/a><\/p>\n<p><a href=\"http:\/\/www.tv-tregor.com\/web-precedent\/www\/streams\/expulsion.html\" title=\"Regarder le sujet\"><img decoding=\"async\" src=\"https:\/\/tv-tregor.com\/web-precedent\/IMG\/jpg\/expulsiong.jpg\" alt=\"expulsiong.jpg\" align=\"center\" \/><\/a> <\/p>\n<p> <BR>La vague des expulsions mise en place par le gouvernement, ne laisse pas indiff\u00e9rent la population du Tr\u00e9gor-Go\u00eblo. Le samedi  \u2026  <a href=\"https:\/\/tv-tregor.com\/web-precedent\/2007\/10\/24\/manifestation-pour-les-sans-papiers-357\/\">&#8230;lire le sujet&#8230; <span class=\"meta-nav\">&rarr; <\/span><\/a><\/p>\n","protected":false},"author":1,"featured_media":0,"comment_status":"open","ping_status":"open","sticky":false,"template":"","format":"standard","meta":{"footnotes":""},"categories":[2],"tags":[],"class_list":["post-208","post","type-post","status-publish","format-standard","hentry","category-info-locale"],"_links":{"self":[{"href":"https:\/\/tv-tregor.com\/web-precedent\/wp-json\/wp\/v2\/posts\/208","targetHints":{"allow":["GET"]}}],"collection":[{"href":"https:\/\/tv-tregor.com\/web-precedent\/wp-json\/wp\/v2\/posts"}],"about":[{"href":"https:\/\/tv-tregor.com\/web-precedent\/wp-json\/wp\/v2\/types\/post"}],"author":[{"embeddable":true,"href":"https:\/\/tv-tregor.com\/web-precedent\/wp-json\/wp\/v2\/users\/1"}],"replies":[{"embeddable":true,"href":"https:\/\/tv-tregor.com\/web-precedent\/wp-json\/wp\/v2\/comments?post=208"}],"version-history":[{"count":0,"href":"https:\/\/tv-tregor.com\/web-precedent\/wp-json\/wp\/v2\/posts\/208\/revisions"}],"wp:attachment":[{"href":"https:\/\/tv-tregor.com\/web-precedent\/wp-json\/wp\/v2\/media?parent=208"}],"wp:term":[{"taxonomy":"category","embeddable":true,"href":"https:\/\/tv-tregor.com\/web-precedent\/wp-json\/wp\/v2\/categories?post=208"},{"taxonomy":"post_tag","embeddable":true,"href":"https:\/\/tv-tregor.com\/web-precedent\/wp-json\/wp\/v2\/tags?post=208"}],"curies":[{"name":"wp","href":"https:\/\/api.w.org\/{rel}","templated":true}]}}