{"id":201,"date":"2007-09-05T11:15:05","date_gmt":"2007-09-05T10:15:05","guid":{"rendered":"http:\/\/tv-tregor.com\/web-precedent\/2007\/09\/05\/le-24eme-festival-des-hortensias-509\/"},"modified":"2007-09-05T11:15:05","modified_gmt":"2007-09-05T10:15:05","slug":"le-24eme-festival-des-hortensias-509","status":"publish","type":"post","link":"https:\/\/tv-tregor.com\/web-precedent\/2007\/09\/05\/le-24eme-festival-des-hortensias-509\/","title":{"rendered":"Le 24\u00e8me Festival des Hortensias &#8211; 5&rsquo;09"},"content":{"rendered":"<p><a href=\"https:\/\/tv-tregor.com\/web-precedent\/www\/streams\/Hort07.html\" title=\"Regarder le sujet\">Regarder la vid\u00e9o <\/a><\/p>\n<p><a href=\"http:\/\/www.tv-tregor.com\/web-precedent\/www\/streams\/Hort07.html\" title=\"Regarder le sujet\"><img decoding=\"async\" src=\"https:\/\/tv-tregor.com\/web-precedent\/IMG\/jpg\/hort07-250.jpg\" alt=\"hort07-250.jpg\" align=\"center\" \/><\/a> <\/p>\n<p>  <BR>Le 12 ao\u00fbt dernier, l&rsquo;\u00e9quipe de Tv-Tregor s&rsquo;\u00e9tait rendue \u00e0 Perros-Guirec pour suivre une journ\u00e9e de la vie de ce festival. <BR\/> Nous vous proposons de vous plonger ou replonger dans l&rsquo;ambiance de cet \u00e9v\u00e9nement majeur. Du d\u00e9fil\u00e9 des cercles celtiques et bagado\u00f9  aux concerts de Merzhin et Soldat Louis, le public a pu appr\u00e9cier ce m\u00e9lange r\u00e9ussi de tradition culturelle et de modernit\u00e9 musicale.<\/p>\n","protected":false},"excerpt":{"rendered":"<p><a href=\"https:\/\/tv-tregor.com\/web-precedent\/www\/streams\/Hort07.html\" title=\"Regarder le sujet\">Regarder la vid\u00e9o <\/a><\/p>\n<p><a href=\"http:\/\/www.tv-tregor.com\/web-precedent\/www\/streams\/Hort07.html\" title=\"Regarder le sujet\"><img decoding=\"async\" src=\"https:\/\/tv-tregor.com\/web-precedent\/IMG\/jpg\/hort07-250.jpg\" alt=\"hort07-250.jpg\" align=\"center\" \/><\/a> <\/p>\n<p> <BR>Le 12 ao\u00fbt dernier, l&rsquo;\u00e9quipe de Tv-Tregor s&rsquo;\u00e9tait rendue \u00e0 Perros-Guirec pour suivre une journ\u00e9e de la vie de ce  \u2026  <a href=\"https:\/\/tv-tregor.com\/web-precedent\/2007\/09\/05\/le-24eme-festival-des-hortensias-509\/\">&#8230;lire le sujet&#8230; <span class=\"meta-nav\">&rarr; <\/span><\/a><\/p>\n","protected":false},"author":1,"featured_media":0,"comment_status":"open","ping_status":"open","sticky":false,"template":"","format":"standard","meta":{"footnotes":""},"categories":[8],"tags":[],"class_list":["post-201","post","type-post","status-publish","format-standard","hentry","category-evenements"],"_links":{"self":[{"href":"https:\/\/tv-tregor.com\/web-precedent\/wp-json\/wp\/v2\/posts\/201","targetHints":{"allow":["GET"]}}],"collection":[{"href":"https:\/\/tv-tregor.com\/web-precedent\/wp-json\/wp\/v2\/posts"}],"about":[{"href":"https:\/\/tv-tregor.com\/web-precedent\/wp-json\/wp\/v2\/types\/post"}],"author":[{"embeddable":true,"href":"https:\/\/tv-tregor.com\/web-precedent\/wp-json\/wp\/v2\/users\/1"}],"replies":[{"embeddable":true,"href":"https:\/\/tv-tregor.com\/web-precedent\/wp-json\/wp\/v2\/comments?post=201"}],"version-history":[{"count":0,"href":"https:\/\/tv-tregor.com\/web-precedent\/wp-json\/wp\/v2\/posts\/201\/revisions"}],"wp:attachment":[{"href":"https:\/\/tv-tregor.com\/web-precedent\/wp-json\/wp\/v2\/media?parent=201"}],"wp:term":[{"taxonomy":"category","embeddable":true,"href":"https:\/\/tv-tregor.com\/web-precedent\/wp-json\/wp\/v2\/categories?post=201"},{"taxonomy":"post_tag","embeddable":true,"href":"https:\/\/tv-tregor.com\/web-precedent\/wp-json\/wp\/v2\/tags?post=201"}],"curies":[{"name":"wp","href":"https:\/\/api.w.org\/{rel}","templated":true}]}}