{"id":200,"date":"2007-08-22T21:21:04","date_gmt":"2007-08-22T20:21:04","guid":{"rendered":"http:\/\/tv-tregor.com\/web-precedent\/2007\/08\/22\/les-associations-autour-de-tele-iroise\/"},"modified":"2007-08-22T21:21:04","modified_gmt":"2007-08-22T20:21:04","slug":"les-associations-autour-de-tele-iroise","status":"publish","type":"post","link":"https:\/\/tv-tregor.com\/web-precedent\/2007\/08\/22\/les-associations-autour-de-tele-iroise\/","title":{"rendered":"les associations autour de T\u00e9l\u00e9-Iroise"},"content":{"rendered":"<\/p>\n<p>Le 11 juillet dernier s&#8217;est tenue dans les locaux de Tr\u00e9gor-Vid\u00e9o une r\u00e9union autour du projet T\u00e9l\u00e9-Iroise.  Etaient pr\u00e9sentes : les associations \u00ab T\u00e9l\u00e9vision G\u00e9n\u00e9rale Brestoise \u00bb, \u00ab On est pas des moutons \u00bb, \u00ab TV 5000 Jeunes autour du monde \u00bb, \u00ab Les Productions du Fant\u00f4me \u00bb, \u00ab Tr\u00e9gor-Vid\u00e9o \u00bb ; la soci\u00e9t\u00e9 de production \u00ab Faltazi Produksion \u00bb . Pr\u00e9sent \u00e9galement : Jean Delorme de la soci\u00e9t\u00e9 de conseil \u00ab Entreprise et d\u00e9veloppement \u00bb.  Avant les r\u00e9unions de travail un barbecue convivial a permis aux participants de mieux se conna\u00eetre  <img decoding=\"async\" src=\"https:\/\/tv-tregor.com\/web-precedent\/IMG\/jpg\/11-juillet-2013-4.jpg\" alt=\"reunion-asso-728\" align=\"center\" \/>  <\/p>\n<p>  <strong>en r\u00e9sum\u00e9 &#8230;<\/strong>  Ces structures sont vraiment diff\u00e9rentes, de par leur statut juridique, leur histoire, leur budget, les types de programmes r\u00e9alis\u00e9s et l&#8217;investissement des b\u00e9n\u00e9voles. Cette rencontre a permis \u00e0 chaque structure autant associative que priv\u00e9e de se d\u00e9finir et de se positionner face au projet de t\u00e9l\u00e9vision locale sur la Bretagne occidentale.  Tr\u00e9gor-Vid\u00e9o, si elle est soutenue par les collectivit\u00e9s territoriales, avec un contrat d&#8217;objectifs, esp\u00e8re pouvoir mettre en place un programme local sur le territoire du Tr\u00e9gor- Go\u00eblo. Ce programme local serait ins\u00e9r\u00e9 dans une grille de programmes plus large qui couvrirait la Bretagne occidentale.  Les autres associations sont un peu dans l&#8217;expectative mais esp\u00e8rent pouvoir acc\u00e9der \u00e0 cette antenne &#8230; sans pour autant \u00ab perdre leur \u00e2me \u00bb.  Dans un tel projet, Faltazi Produksions et les Productions du Fant\u00f4me, se situent plut\u00f4t comme fournisseurs de programmes ind\u00e9pendants.  Pour en savoir plus, <a href=\"http:\/\/www.a-brest.net\/article3173.html\">voyez le site wiki de t\u00e9l\u00e9-Iroise<\/a> <\/p>\n","protected":false},"excerpt":{"rendered":"<\/p>\n<p>Le 11 juillet dernier s&#8217;est tenue dans les locaux de Tr\u00e9gor-Vid\u00e9o une r\u00e9union autour du projet T\u00e9l\u00e9-Iroise. Etaient pr\u00e9sentes : les associations \u00ab T\u00e9l\u00e9vision G\u00e9n\u00e9rale Brestoise \u00bb, \u00ab On est pas des moutons \u00bb, \u00ab TV 5000 Jeunes autour  \u2026  <a href=\"https:\/\/tv-tregor.com\/web-precedent\/2007\/08\/22\/les-associations-autour-de-tele-iroise\/\">&#8230;lire le sujet&#8230; <span class=\"meta-nav\">&rarr; <\/span><\/a><\/p>\n","protected":false},"author":1,"featured_media":0,"comment_status":"open","ping_status":"open","sticky":false,"template":"","format":"standard","meta":{"footnotes":""},"categories":[46],"tags":[],"class_list":["post-200","post","type-post","status-publish","format-standard","hentry","category-dernieres-news"],"_links":{"self":[{"href":"https:\/\/tv-tregor.com\/web-precedent\/wp-json\/wp\/v2\/posts\/200","targetHints":{"allow":["GET"]}}],"collection":[{"href":"https:\/\/tv-tregor.com\/web-precedent\/wp-json\/wp\/v2\/posts"}],"about":[{"href":"https:\/\/tv-tregor.com\/web-precedent\/wp-json\/wp\/v2\/types\/post"}],"author":[{"embeddable":true,"href":"https:\/\/tv-tregor.com\/web-precedent\/wp-json\/wp\/v2\/users\/1"}],"replies":[{"embeddable":true,"href":"https:\/\/tv-tregor.com\/web-precedent\/wp-json\/wp\/v2\/comments?post=200"}],"version-history":[{"count":0,"href":"https:\/\/tv-tregor.com\/web-precedent\/wp-json\/wp\/v2\/posts\/200\/revisions"}],"wp:attachment":[{"href":"https:\/\/tv-tregor.com\/web-precedent\/wp-json\/wp\/v2\/media?parent=200"}],"wp:term":[{"taxonomy":"category","embeddable":true,"href":"https:\/\/tv-tregor.com\/web-precedent\/wp-json\/wp\/v2\/categories?post=200"},{"taxonomy":"post_tag","embeddable":true,"href":"https:\/\/tv-tregor.com\/web-precedent\/wp-json\/wp\/v2\/tags?post=200"}],"curies":[{"name":"wp","href":"https:\/\/api.w.org\/{rel}","templated":true}]}}