{"id":2,"date":"2004-03-08T00:00:00","date_gmt":"2004-03-07T23:00:00","guid":{"rendered":"http:\/\/tv-tregor.com\/web-precedent\/2004\/03\/08\/cavan-projet-maison-de-la-culture-bretonne-332\/"},"modified":"2004-03-08T00:00:00","modified_gmt":"2004-03-07T23:00:00","slug":"cavan-projet-maison-de-la-culture-bretonne-332","status":"publish","type":"post","link":"https:\/\/tv-tregor.com\/web-precedent\/2004\/03\/08\/cavan-projet-maison-de-la-culture-bretonne-332\/","title":{"rendered":"Cavan: projet maison de la culture bretonne &#8211; 3&rsquo;32"},"content":{"rendered":"<p><a href=\"https:\/\/tv-tregor.com\/web-precedent\/www\/streams\/projetmaison.html\" title=\"Regarder le sujet\">Regarder la vid\u00e9o<\/a><\/p>\n<p><img decoding=\"async\" src=\"https:\/\/tv-tregor.com\/web-precedent\/IMG\/jpg\/maison.jpg\" alt=\"maison.jpg\" align=\"center\" \/>  <\/p>\n<p>  La f\u00e9d\u00e9ration \u00ab\u00a0Al Levrig\u00a0\u00bb, litt\u00e9ralement \u00ab\u00a0Le livret\u00a0\u00bb, regroupe le plus d&rsquo;associations possible afin de mettre \u00e0 disposition de tous les informations sur la culture bretonne. Cette derni\u00e8re est notamment depuis trois ans porteuse d&rsquo;un projet de \u00ab\u00a0Maison de la culture bretonne\u00a0\u00bb, lieu d&rsquo;accueil pour diff\u00e9rentes structures oeuvrant dans le domaine de la sauvegarde du patrimoine et de l&rsquo;exception culturelle bretonne. La mairie de Cavan soutient le projet et a d\u00e9j\u00e0 mis des lieux \u00e0 disposition.<\/p>\n","protected":false},"excerpt":{"rendered":"<p><a href=\"https:\/\/tv-tregor.com\/web-precedent\/www\/streams\/projetmaison.html\" title=\"Regarder le sujet\">Regarder la vid\u00e9o<\/a><\/p>\n<p><img decoding=\"async\" src=\"https:\/\/tv-tregor.com\/web-precedent\/IMG\/jpg\/maison.jpg\" alt=\"maison.jpg\" align=\"center\" \/> <\/p>\n<p> La f\u00e9d\u00e9ration \u00ab\u00a0Al Levrig\u00a0\u00bb, litt\u00e9ralement \u00ab\u00a0Le livret\u00a0\u00bb, regroupe le plus d&rsquo;associations possible afin de mettre \u00e0 disposition de tous les informations sur la culture bretonne.  \u2026  <a href=\"https:\/\/tv-tregor.com\/web-precedent\/2004\/03\/08\/cavan-projet-maison-de-la-culture-bretonne-332\/\">&#8230;lire le sujet&#8230; <span class=\"meta-nav\">&rarr; <\/span><\/a><\/p>\n","protected":false},"author":1,"featured_media":0,"comment_status":"open","ping_status":"open","sticky":false,"template":"","format":"standard","meta":{"footnotes":""},"categories":[14],"tags":[],"class_list":["post-2","post","type-post","status-publish","format-standard","hentry","category-culture"],"_links":{"self":[{"href":"https:\/\/tv-tregor.com\/web-precedent\/wp-json\/wp\/v2\/posts\/2","targetHints":{"allow":["GET"]}}],"collection":[{"href":"https:\/\/tv-tregor.com\/web-precedent\/wp-json\/wp\/v2\/posts"}],"about":[{"href":"https:\/\/tv-tregor.com\/web-precedent\/wp-json\/wp\/v2\/types\/post"}],"author":[{"embeddable":true,"href":"https:\/\/tv-tregor.com\/web-precedent\/wp-json\/wp\/v2\/users\/1"}],"replies":[{"embeddable":true,"href":"https:\/\/tv-tregor.com\/web-precedent\/wp-json\/wp\/v2\/comments?post=2"}],"version-history":[{"count":0,"href":"https:\/\/tv-tregor.com\/web-precedent\/wp-json\/wp\/v2\/posts\/2\/revisions"}],"wp:attachment":[{"href":"https:\/\/tv-tregor.com\/web-precedent\/wp-json\/wp\/v2\/media?parent=2"}],"wp:term":[{"taxonomy":"category","embeddable":true,"href":"https:\/\/tv-tregor.com\/web-precedent\/wp-json\/wp\/v2\/categories?post=2"},{"taxonomy":"post_tag","embeddable":true,"href":"https:\/\/tv-tregor.com\/web-precedent\/wp-json\/wp\/v2\/tags?post=2"}],"curies":[{"name":"wp","href":"https:\/\/api.w.org\/{rel}","templated":true}]}}