{"id":197,"date":"2007-07-25T08:00:00","date_gmt":"2007-07-25T07:00:00","guid":{"rendered":"http:\/\/tv-tregor.com\/web-precedent\/2007\/07\/25\/la-vallee-des-papeteries-lieu-de-memoire-et-de-culture-1045\/"},"modified":"2007-07-25T08:00:00","modified_gmt":"2007-07-25T07:00:00","slug":"la-vallee-des-papeteries-lieu-de-memoire-et-de-culture-1045","status":"publish","type":"post","link":"https:\/\/tv-tregor.com\/web-precedent\/2007\/07\/25\/la-vallee-des-papeteries-lieu-de-memoire-et-de-culture-1045\/","title":{"rendered":"La vall\u00e9e des papeteries : lieu de m\u00e9moire et de culture &#8211; 10&rsquo;45"},"content":{"rendered":"<p><a href=\"https:\/\/tv-tregor.com\/web-precedent\/www\/streams\/inaugurpapet.html\" title=\"Regarder le sujet\">Regarder la vid\u00e9o <\/a><\/p>\n<p><a href=\"http:\/\/www.tv-tregor.com\/web-precedent\/www\/streams\/inaugurpapet.html\" title=\"Regarder le sujet\"><img decoding=\"async\" src=\"https:\/\/tv-tregor.com\/web-precedent\/IMG\/jpg\/Papet250.jpg\" alt=\"Papet250.jpg\" align=\"center\" \/><\/a> <\/p>\n<p>  La friche industrielle des anciennes papeteries Vall\u00e9e de Ploun\u00e9vez-Mo\u00ebdec a \u00e9t\u00e9 r\u00e9ouverte au public lors de l&rsquo;inauguration officielle le vendredi 6 juillet. <BR>Tout l&rsquo;\u00e9t\u00e9, le site r\u00e9nov\u00e9 accueillera de nombreuses activit\u00e9s culturelles, spectacles, soir\u00e9es cont\u00e9es, expositions. <BR\/> Visites comment\u00e9es tous les mercredi en compagnie des anciens ouvriers de la papeterie.<\/p>\n","protected":false},"excerpt":{"rendered":"<p><a href=\"https:\/\/tv-tregor.com\/web-precedent\/www\/streams\/inaugurpapet.html\" title=\"Regarder le sujet\">Regarder la vid\u00e9o <\/a><\/p>\n<p><a href=\"http:\/\/www.tv-tregor.com\/web-precedent\/www\/streams\/inaugurpapet.html\" title=\"Regarder le sujet\"><img decoding=\"async\" src=\"https:\/\/tv-tregor.com\/web-precedent\/IMG\/jpg\/Papet250.jpg\" alt=\"Papet250.jpg\" align=\"center\" \/><\/a> <\/p>\n<p> La friche industrielle des anciennes papeteries Vall\u00e9e de Ploun\u00e9vez-Mo\u00ebdec a \u00e9t\u00e9 r\u00e9ouverte au public lors de l&rsquo;inauguration officielle le vendredi  \u2026  <a href=\"https:\/\/tv-tregor.com\/web-precedent\/2007\/07\/25\/la-vallee-des-papeteries-lieu-de-memoire-et-de-culture-1045\/\">&#8230;lire le sujet&#8230; <span class=\"meta-nav\">&rarr; <\/span><\/a><\/p>\n","protected":false},"author":1,"featured_media":0,"comment_status":"open","ping_status":"open","sticky":false,"template":"","format":"standard","meta":{"footnotes":""},"categories":[23],"tags":[],"class_list":["post-197","post","type-post","status-publish","format-standard","hentry","category-patrimoine"],"_links":{"self":[{"href":"https:\/\/tv-tregor.com\/web-precedent\/wp-json\/wp\/v2\/posts\/197","targetHints":{"allow":["GET"]}}],"collection":[{"href":"https:\/\/tv-tregor.com\/web-precedent\/wp-json\/wp\/v2\/posts"}],"about":[{"href":"https:\/\/tv-tregor.com\/web-precedent\/wp-json\/wp\/v2\/types\/post"}],"author":[{"embeddable":true,"href":"https:\/\/tv-tregor.com\/web-precedent\/wp-json\/wp\/v2\/users\/1"}],"replies":[{"embeddable":true,"href":"https:\/\/tv-tregor.com\/web-precedent\/wp-json\/wp\/v2\/comments?post=197"}],"version-history":[{"count":0,"href":"https:\/\/tv-tregor.com\/web-precedent\/wp-json\/wp\/v2\/posts\/197\/revisions"}],"wp:attachment":[{"href":"https:\/\/tv-tregor.com\/web-precedent\/wp-json\/wp\/v2\/media?parent=197"}],"wp:term":[{"taxonomy":"category","embeddable":true,"href":"https:\/\/tv-tregor.com\/web-precedent\/wp-json\/wp\/v2\/categories?post=197"},{"taxonomy":"post_tag","embeddable":true,"href":"https:\/\/tv-tregor.com\/web-precedent\/wp-json\/wp\/v2\/tags?post=197"}],"curies":[{"name":"wp","href":"https:\/\/api.w.org\/{rel}","templated":true}]}}