{"id":193,"date":"2007-06-13T18:29:00","date_gmt":"2007-06-13T17:29:00","guid":{"rendered":"http:\/\/tv-tregor.com\/web-precedent\/2007\/06\/13\/projet-tele-iroise\/"},"modified":"2016-01-22T16:17:02","modified_gmt":"2016-01-22T15:17:02","slug":"projet-tele-iroise","status":"publish","type":"post","link":"https:\/\/tv-tregor.com\/web-precedent\/2007\/06\/13\/projet-tele-iroise\/","title":{"rendered":"Projet T\u00e9l\u00e9 Iroise"},"content":{"rendered":"<\/p>\n<h2>T\u00e9l\u00e9-Iroise<\/h2>\n<p>  Tr\u00e9gor Vid\u00e9o participe \u00e0 une r\u00e9flexion dans le cadre du projet d&#8217;une future t\u00e9l\u00e9vision de service public \u00e9mettant sur la Bretagne occidentale,  Si ce projet provisoirement appel\u00e9 \u00ab\u00a0t\u00e9l\u00e9-Iroise\u00a0\u00bb vous int\u00e9resse, un espace de discussion \u00ab\u00a0wiki\u00a0\u00bb est ouvert sur internet. A vous de surfer et d&rsquo;enrichir le d\u00e9bat sur le site :    <a href=\"http:\/\/wiki.a-brest.net\/index.php\/Portail:Accueil\">T\u00e9l\u00e9 Iroise<\/a>.  Le 11 juillet dernier, diff\u00e9rentes associations de l&rsquo;Ouest de la Bretagne, potentiellement int\u00e9ress\u00e9es par le projet \u00ab\u00a0T\u00e9l\u00e9-Iroise\u00a0\u00bb, se sont retrouv\u00e9es dans nos locaux pour un forum de discussion sur ce que pourrait \u00eatre l&rsquo;implication de nos structures dans une cha\u00eene locale (\u00e0 port\u00e9e semi-r\u00e9gionale). Pour en savoir plus sur cette rencontre, <a href=\"https:\/\/tv-tregor.com\/web-precedent\/2007\/08\/22\/les-associations-autour-de-tele-iroise\/\">voir l&rsquo;article<\/a>  <\/p>\n","protected":false},"excerpt":{"rendered":"<\/p>\n<h2>T\u00e9l\u00e9-Iroise<\/h2>\n<p> Tr\u00e9gor Vid\u00e9o participe \u00e0 une r\u00e9flexion dans le cadre du projet d&#8217;une future t\u00e9l\u00e9vision de service public \u00e9mettant sur la Bretagne occidentale, Si ce projet provisoirement appel\u00e9 \u00ab\u00a0t\u00e9l\u00e9-Iroise\u00a0\u00bb vous int\u00e9resse, un espace de discussion \u00ab\u00a0wiki\u00a0\u00bb est ouvert  \u2026  <a href=\"https:\/\/tv-tregor.com\/web-precedent\/2007\/06\/13\/projet-tele-iroise\/\">&#8230;lire le sujet&#8230; <span class=\"meta-nav\">&rarr; <\/span><\/a><\/p>\n","protected":false},"author":1,"featured_media":0,"comment_status":"open","ping_status":"open","sticky":false,"template":"","format":"standard","meta":{"footnotes":""},"categories":[43],"tags":[],"class_list":["post-193","post","type-post","status-publish","format-standard","hentry","category-projet-television-locale-sur-tnt"],"_links":{"self":[{"href":"https:\/\/tv-tregor.com\/web-precedent\/wp-json\/wp\/v2\/posts\/193","targetHints":{"allow":["GET"]}}],"collection":[{"href":"https:\/\/tv-tregor.com\/web-precedent\/wp-json\/wp\/v2\/posts"}],"about":[{"href":"https:\/\/tv-tregor.com\/web-precedent\/wp-json\/wp\/v2\/types\/post"}],"author":[{"embeddable":true,"href":"https:\/\/tv-tregor.com\/web-precedent\/wp-json\/wp\/v2\/users\/1"}],"replies":[{"embeddable":true,"href":"https:\/\/tv-tregor.com\/web-precedent\/wp-json\/wp\/v2\/comments?post=193"}],"version-history":[{"count":2,"href":"https:\/\/tv-tregor.com\/web-precedent\/wp-json\/wp\/v2\/posts\/193\/revisions"}],"predecessor-version":[{"id":1014,"href":"https:\/\/tv-tregor.com\/web-precedent\/wp-json\/wp\/v2\/posts\/193\/revisions\/1014"}],"wp:attachment":[{"href":"https:\/\/tv-tregor.com\/web-precedent\/wp-json\/wp\/v2\/media?parent=193"}],"wp:term":[{"taxonomy":"category","embeddable":true,"href":"https:\/\/tv-tregor.com\/web-precedent\/wp-json\/wp\/v2\/categories?post=193"},{"taxonomy":"post_tag","embeddable":true,"href":"https:\/\/tv-tregor.com\/web-precedent\/wp-json\/wp\/v2\/tags?post=193"}],"curies":[{"name":"wp","href":"https:\/\/api.w.org\/{rel}","templated":true}]}}