{"id":192,"date":"2007-06-14T19:00:00","date_gmt":"2007-06-14T18:00:00","guid":{"rendered":"http:\/\/tv-tregor.com\/web-precedent\/2007\/06\/14\/le-debat-des-elections-legislatives-3342-3236\/"},"modified":"2007-06-14T19:00:00","modified_gmt":"2007-06-14T18:00:00","slug":"le-debat-des-elections-legislatives-3342-3236","status":"publish","type":"post","link":"https:\/\/tv-tregor.com\/web-precedent\/2007\/06\/14\/le-debat-des-elections-legislatives-3342-3236\/","title":{"rendered":"Le d\u00e9bat des \u00e9lections l\u00e9gislatives &#8211; 33&rsquo;42 &#038; 32&rsquo;36"},"content":{"rendered":"<\/p>\n<p>TV Tr\u00e9gor, en collaboration avec le journal Le Tr\u00e9gor et la radio <a href=\"http:\/\/www.tregorfm.com\/\">Tregor FM<\/a>, avait organis\u00e9, dans le cadre du dernier tour des \u00e9lections l\u00e9gislatives, un d\u00e9bat entre les deux candidates rest\u00e9es en lice dans la cinqui\u00e8me circonscription (Lannion-Paimpol): Marie Dominique Furet de l&rsquo;UMP et Corinne Erhel du Parti Socialiste.  <a href=\"http:\/\/www.tv-tregor.com\/web-precedent\/www\/streams\/debaa.html\">Regarder la premi\u00e8re partie du d\u00e9bat &#8211; 33&rsquo;42  :<\/a> <BR> <a href=\"http:\/\/www.tv-tregor.com\/web-precedent\/www\/streams\/debaa.html\" title=\"Regarder le sujet\"><img decoding=\"async\" src=\"https:\/\/tv-tregor.com\/web-precedent\/IMG\/jpg\/deba-2.jpg\" alt=\"deba-2.jpg\" align=\"center\" \/><\/a> <\/p>\n<p> <BR\/> <BR\/> <a href=\"http:\/\/www.tv-tregor.com\/web-precedent\/www\/streams\/debab.html\">Regarder la deuxi\u00e8me partie du d\u00e9bat &#8211; 32&rsquo;36  :<\/a> : <BR\/> <a href=\"http:\/\/www.tv-tregor.com\/web-precedent\/www\/streams\/debab.html\" title=\"Regarder le sujet\"><img decoding=\"async\" src=\"https:\/\/tv-tregor.com\/web-precedent\/IMG\/jpg\/deba-2.jpg\" alt=\"deba-2.jpg\" align=\"center\" \/><\/a><\/p>\n","protected":false},"excerpt":{"rendered":"<\/p>\n<p>TV Tr\u00e9gor, en collaboration avec le journal Le Tr\u00e9gor et la radio <a href=\"http:\/\/www.tregorfm.com\/\">Tregor FM<\/a>, avait organis\u00e9, dans le cadre du dernier tour des \u00e9lections l\u00e9gislatives, un d\u00e9bat entre les deux candidates rest\u00e9es en lice dans la cinqui\u00e8me circonscription  \u2026  <a href=\"https:\/\/tv-tregor.com\/web-precedent\/2007\/06\/14\/le-debat-des-elections-legislatives-3342-3236\/\">&#8230;lire le sujet&#8230; <span class=\"meta-nav\">&rarr; <\/span><\/a><\/p>\n","protected":false},"author":1,"featured_media":0,"comment_status":"open","ping_status":"open","sticky":false,"template":"","format":"standard","meta":{"footnotes":""},"categories":[2],"tags":[],"class_list":["post-192","post","type-post","status-publish","format-standard","hentry","category-info-locale"],"_links":{"self":[{"href":"https:\/\/tv-tregor.com\/web-precedent\/wp-json\/wp\/v2\/posts\/192","targetHints":{"allow":["GET"]}}],"collection":[{"href":"https:\/\/tv-tregor.com\/web-precedent\/wp-json\/wp\/v2\/posts"}],"about":[{"href":"https:\/\/tv-tregor.com\/web-precedent\/wp-json\/wp\/v2\/types\/post"}],"author":[{"embeddable":true,"href":"https:\/\/tv-tregor.com\/web-precedent\/wp-json\/wp\/v2\/users\/1"}],"replies":[{"embeddable":true,"href":"https:\/\/tv-tregor.com\/web-precedent\/wp-json\/wp\/v2\/comments?post=192"}],"version-history":[{"count":0,"href":"https:\/\/tv-tregor.com\/web-precedent\/wp-json\/wp\/v2\/posts\/192\/revisions"}],"wp:attachment":[{"href":"https:\/\/tv-tregor.com\/web-precedent\/wp-json\/wp\/v2\/media?parent=192"}],"wp:term":[{"taxonomy":"category","embeddable":true,"href":"https:\/\/tv-tregor.com\/web-precedent\/wp-json\/wp\/v2\/categories?post=192"},{"taxonomy":"post_tag","embeddable":true,"href":"https:\/\/tv-tregor.com\/web-precedent\/wp-json\/wp\/v2\/tags?post=192"}],"curies":[{"name":"wp","href":"https:\/\/api.w.org\/{rel}","templated":true}]}}