{"id":177,"date":"2005-11-05T20:16:19","date_gmt":"2005-11-05T19:16:19","guid":{"rendered":"http:\/\/tv-tregor.com\/web-precedent\/2015\/12\/20\/des-chevaux-et-des-hommes-640\/"},"modified":"2016-01-15T10:43:14","modified_gmt":"2016-01-15T09:43:14","slug":"des-chevaux-et-des-hommes-640","status":"publish","type":"post","link":"https:\/\/tv-tregor.com\/web-precedent\/2005\/11\/05\/des-chevaux-et-des-hommes-640\/","title":{"rendered":"Des chevaux et des hommes &#8211; 6&rsquo;40"},"content":{"rendered":"<p><a title=\"Regarder le sujet\" href=\"https:\/\/tv-tregor.com\/web-precedent\/www\/streams\/chevaux.html\">Regarder la vid\u00e9o <\/a><\/p>\n<p><a title=\"Regarder le sujet\" href=\"http:\/\/www.tv-tregor.com\/web-precedent\/www\/streams\/chevaux.html\"><img decoding=\"async\" src=\"https:\/\/tv-tregor.com\/web-precedent\/IMG\/jpg\/chevauxg.jpg\" alt=\"chevauxg.jpg\" align=\"center\" \/><\/a><\/p>\n<p>Cette semaine nous vous proposons un sujet puis\u00e9 dans les archives de Tr\u00e9gor Vid\u00e9o. Ce reportage a \u00e9t\u00e9 r\u00e9alis\u00e9 par quatre adh\u00e9rents de l&rsquo;association. Katell, Odile Philippe et Jano sont partis de Pluzunet pour filmer la foire aux chevaux de Kerrien. Ils sont arriv\u00e9s dans la brume et ont suivi ces hommes et ces chevaux tout au long de la journ\u00e9e. Killian a ensuite compos\u00e9 la musique. Bonne journ\u00e9e avec eux \u00e0 Kerrien!<\/p>\n","protected":false},"excerpt":{"rendered":"<p><a title=\"Regarder le sujet\" href=\"https:\/\/tv-tregor.com\/web-precedent\/www\/streams\/chevaux.html\">Regarder la vid\u00e9o <\/a><\/p>\n<p><a title=\"Regarder le sujet\" href=\"http:\/\/www.tv-tregor.com\/web-precedent\/www\/streams\/chevaux.html\"><img decoding=\"async\" src=\"https:\/\/tv-tregor.com\/web-precedent\/IMG\/jpg\/chevauxg.jpg\" alt=\"chevauxg.jpg\" align=\"center\" \/><\/a><\/p>\n<p>Cette semaine nous vous proposons un sujet puis\u00e9 dans les archives de Tr\u00e9gor Vid\u00e9o. Ce reportage a \u00e9t\u00e9 r\u00e9alis\u00e9 par quatre adh\u00e9rents  \u2026  <a href=\"https:\/\/tv-tregor.com\/web-precedent\/2005\/11\/05\/des-chevaux-et-des-hommes-640\/\">&#8230;lire le sujet&#8230; <span class=\"meta-nav\">&rarr; <\/span><\/a><\/p>\n","protected":false},"author":1,"featured_media":0,"comment_status":"open","ping_status":"open","sticky":false,"template":"","format":"standard","meta":{"footnotes":""},"categories":[23],"tags":[],"class_list":["post-177","post","type-post","status-publish","format-standard","hentry","category-patrimoine"],"_links":{"self":[{"href":"https:\/\/tv-tregor.com\/web-precedent\/wp-json\/wp\/v2\/posts\/177","targetHints":{"allow":["GET"]}}],"collection":[{"href":"https:\/\/tv-tregor.com\/web-precedent\/wp-json\/wp\/v2\/posts"}],"about":[{"href":"https:\/\/tv-tregor.com\/web-precedent\/wp-json\/wp\/v2\/types\/post"}],"author":[{"embeddable":true,"href":"https:\/\/tv-tregor.com\/web-precedent\/wp-json\/wp\/v2\/users\/1"}],"replies":[{"embeddable":true,"href":"https:\/\/tv-tregor.com\/web-precedent\/wp-json\/wp\/v2\/comments?post=177"}],"version-history":[{"count":1,"href":"https:\/\/tv-tregor.com\/web-precedent\/wp-json\/wp\/v2\/posts\/177\/revisions"}],"predecessor-version":[{"id":798,"href":"https:\/\/tv-tregor.com\/web-precedent\/wp-json\/wp\/v2\/posts\/177\/revisions\/798"}],"wp:attachment":[{"href":"https:\/\/tv-tregor.com\/web-precedent\/wp-json\/wp\/v2\/media?parent=177"}],"wp:term":[{"taxonomy":"category","embeddable":true,"href":"https:\/\/tv-tregor.com\/web-precedent\/wp-json\/wp\/v2\/categories?post=177"},{"taxonomy":"post_tag","embeddable":true,"href":"https:\/\/tv-tregor.com\/web-precedent\/wp-json\/wp\/v2\/tags?post=177"}],"curies":[{"name":"wp","href":"https:\/\/api.w.org\/{rel}","templated":true}]}}