{"id":169,"date":"2007-02-28T07:00:00","date_gmt":"2007-02-28T06:00:00","guid":{"rendered":"http:\/\/tv-tregor.com\/web-precedent\/2007\/02\/28\/alcatel-lucent-pour-le-meilleur-et-surtout-pour-le-pire-708\/"},"modified":"2007-02-28T07:00:00","modified_gmt":"2007-02-28T06:00:00","slug":"alcatel-lucent-pour-le-meilleur-et-surtout-pour-le-pire-708","status":"publish","type":"post","link":"https:\/\/tv-tregor.com\/web-precedent\/2007\/02\/28\/alcatel-lucent-pour-le-meilleur-et-surtout-pour-le-pire-708\/","title":{"rendered":"Alcatel Lucent pour le meilleur et surtout pour le pire ! &#8211; 7&rsquo;08"},"content":{"rendered":"<p><a href=\"https:\/\/tv-tregor.com\/web-precedent\/www\/streams\/alcatel.html\" title=\"Regarder le sujet\">Regarder la vid\u00e9o <\/a><\/p>\n<p><a href=\"http:\/\/www.tv-tregor.com\/web-precedent\/www\/streams\/alcatel.html\" title=\"Regarder le sujet\"><img decoding=\"async\" src=\"https:\/\/tv-tregor.com\/web-precedent\/IMG\/jpg\/alcatel250.jpg\" alt=\"alcatel250.jpg\" align=\"center\" \/><\/a> <\/p>\n<p>  En Avril 2006, pour p\u00e9n\u00e9trer le march\u00e9 am\u00e9ricain \u00e0 tout prix, Alcatel fusionnait avec la soci\u00e9t\u00e9 am\u00e9ricaine Lucent.  Le 9 F\u00e9vrier 2007, par mail, la nouvelle patronne de l&rsquo;entreprise, Pat Russo, annon\u00e7ait aux salari\u00e9s la supression de 1500 emplois au sein d&rsquo;Alcatel-Lucent France.  Tr\u00e8s vite \u00e0 lannion, malgr\u00e9 les vacances, 500 employ\u00e9s d&rsquo;Alcatel-Lucent descendaient dans la rue pour manifester &#8230;<\/p>\n","protected":false},"excerpt":{"rendered":"<p><a href=\"https:\/\/tv-tregor.com\/web-precedent\/www\/streams\/alcatel.html\" title=\"Regarder le sujet\">Regarder la vid\u00e9o <\/a><\/p>\n<p><a href=\"http:\/\/www.tv-tregor.com\/web-precedent\/www\/streams\/alcatel.html\" title=\"Regarder le sujet\"><img decoding=\"async\" src=\"https:\/\/tv-tregor.com\/web-precedent\/IMG\/jpg\/alcatel250.jpg\" alt=\"alcatel250.jpg\" align=\"center\" \/><\/a> <\/p>\n<p> En Avril 2006, pour p\u00e9n\u00e9trer le march\u00e9 am\u00e9ricain \u00e0 tout prix, Alcatel fusionnait avec la soci\u00e9t\u00e9 am\u00e9ricaine Lucent. Le 9  \u2026  <a href=\"https:\/\/tv-tregor.com\/web-precedent\/2007\/02\/28\/alcatel-lucent-pour-le-meilleur-et-surtout-pour-le-pire-708\/\">&#8230;lire le sujet&#8230; <span class=\"meta-nav\">&rarr; <\/span><\/a><\/p>\n","protected":false},"author":1,"featured_media":0,"comment_status":"open","ping_status":"open","sticky":false,"template":"","format":"standard","meta":{"footnotes":""},"categories":[2],"tags":[],"class_list":["post-169","post","type-post","status-publish","format-standard","hentry","category-info-locale"],"_links":{"self":[{"href":"https:\/\/tv-tregor.com\/web-precedent\/wp-json\/wp\/v2\/posts\/169","targetHints":{"allow":["GET"]}}],"collection":[{"href":"https:\/\/tv-tregor.com\/web-precedent\/wp-json\/wp\/v2\/posts"}],"about":[{"href":"https:\/\/tv-tregor.com\/web-precedent\/wp-json\/wp\/v2\/types\/post"}],"author":[{"embeddable":true,"href":"https:\/\/tv-tregor.com\/web-precedent\/wp-json\/wp\/v2\/users\/1"}],"replies":[{"embeddable":true,"href":"https:\/\/tv-tregor.com\/web-precedent\/wp-json\/wp\/v2\/comments?post=169"}],"version-history":[{"count":0,"href":"https:\/\/tv-tregor.com\/web-precedent\/wp-json\/wp\/v2\/posts\/169\/revisions"}],"wp:attachment":[{"href":"https:\/\/tv-tregor.com\/web-precedent\/wp-json\/wp\/v2\/media?parent=169"}],"wp:term":[{"taxonomy":"category","embeddable":true,"href":"https:\/\/tv-tregor.com\/web-precedent\/wp-json\/wp\/v2\/categories?post=169"},{"taxonomy":"post_tag","embeddable":true,"href":"https:\/\/tv-tregor.com\/web-precedent\/wp-json\/wp\/v2\/tags?post=169"}],"curies":[{"name":"wp","href":"https:\/\/api.w.org\/{rel}","templated":true}]}}