{"id":168,"date":"2007-02-21T07:00:00","date_gmt":"2007-02-21T06:00:00","guid":{"rendered":"http:\/\/tv-tregor.com\/web-precedent\/2007\/02\/21\/un-lieu-pour-du-riff-ici-430\/"},"modified":"2016-01-20T17:54:24","modified_gmt":"2016-01-20T16:54:24","slug":"un-lieu-pour-du-riff-ici-430","status":"publish","type":"post","link":"https:\/\/tv-tregor.com\/web-precedent\/2007\/02\/21\/un-lieu-pour-du-riff-ici-430\/","title":{"rendered":"Un lieu pour du riff ici &#8211; 4&rsquo;30"},"content":{"rendered":"<p><a title=\"Regarder le sujet\" href=\"https:\/\/tv-tregor.com\/web-precedent\/www\/streams\/yadurif.html\">Regarder la vid\u00e9o <\/a><\/p>\n<p><a title=\"Regarder bikini\" href=\"http:\/\/www.tv-tregor.com\/web-precedent\/www\/streams\/yadurif.html\"><img decoding=\"async\" src=\"https:\/\/tv-tregor.com\/web-precedent\/IMG\/jpg\/yaduriffici250.jpg\" alt=\"yaduriffici250.jpg\" align=\"center\" \/><\/a><\/p>\n<p>L&rsquo;association Y a du riff ici\u00a0fait bouger le Tr\u00e9gor-Go\u00eblo en organisant des manifestations musicales depuis plusieurs ann\u00e9es. Sa vocation premi\u00e8re est de cr\u00e9er un lieu d&rsquo;\u00e9changes pour la cr\u00e9ation, qui permettrait aux amateurs comme aux professionnels, de r\u00e9p\u00e9ter et se produire dans un espace de vie et de rencontres. Malgr\u00e9 la n\u00e9cessit\u00e9 d&rsquo;un tel projet et un dossier mont\u00e9 il y a 10 ans, aucun lieu n&rsquo;a vu le jour &#8230;<\/p>\n<h2>DERNIERE MINUTE !!!<\/h2>\n<p>Les adh\u00e9rent-e-s de Y&rsquo;a du riff&rsquo;ici ont le plaisir de vous inviter \u00e0 la soir\u00e9e concerts donn\u00e9e dans le cadre des Jeunes Charrues en Concert 2007 du Pays du Tr\u00e9gor-Go\u00eblo. Le paradoxe, est que ces concerts se d\u00e9rouleront bien le samedi 03 mars 2007 mais au Bacardi \u00e0 Callac et non pas \u00e0 Lannion comme depuis neuf ans. Ci-apr\u00e8s, vous comprendrez mieux les raisons qui nous ont pouss\u00e9es \u00e0 faire \u00e9tape dans le Poher. En outre, vers 22h30, nous interviendrons en \u00ab\u00a0live\u00a0\u00bb pour vous donner des explications sur notre pr\u00e9sence \u00e0 Callac. En fin du message vous pourrez faire connaissance des groupes en s\u00e9lection ainsi que des modalit\u00e9s du d\u00e9roulement de la soir\u00e9e. Si nous avons caus\u00e9 quelques d\u00e9sagr\u00e9ments et interrogations \u00e0 l&rsquo;ensemble des partenaires du projet Jeunes Charrues, nous vous remercions vivement de votre compr\u00e9hension. A notre corps d\u00e9fendant, les \u00e9v\u00e9nements se sont encha\u00een\u00e9s \u00e0 toute vitesse et de ce fait, avons du prendre des d\u00e9cisions extr\u00eamement rapidement. Les adh\u00e9rent-e-s de Y&rsquo;a du riff&rsquo;ici seront tr\u00e8s heureux de vous accueillir \u00e0 une soir\u00e9e qui s&rsquo;annonce fortement musicale et conviviale. A tr\u00e8s bient\u00f4t et cordialement. Les adh\u00e9rent-e-s du collectif Y&rsquo;a du riff&rsquo;ici. <strong>LE POURQUOI DU COMMENT DE L&rsquo;ESCAPADE DU CONCERT DES JEUNES CHARRUES DE LANNION A CALLAC<\/strong> Depuis 9 ann\u00e9es, le concert de s\u00e9lection des Jeunes Charrues s\u2019est d\u00e9roul\u00e9 \u00e0 Lannion puisque situ\u00e9e sur le territoire du Pays du Tr\u00e9gor-Go\u00eblo. Rien d\u2019anormal jusque l\u00e0, les Jeunes Charrues du Pays du Tr\u00e9gor-Go\u00eblo s\u2019adressent bien aux musicien-ne-s et au public vivant sur ce territoire. Pourtant, le concert de s\u00e9lection sort du Pays du Tr\u00e9gor-Go\u00eblo pour faire une escapade dans un autre Pays, celui de l&rsquo;Argoat. En effet, pour 2007, le concert se d\u00e9roulera donc au Bacardi \u00e0 Callac (22). Y\u2019a du riff\u2019ici, organisateur local des Jeunes Charrues en Concert du Pays du Tr\u00e9gor-Go\u00eblo, a \u00e9t\u00e9 contraint de prendre la d\u00e9cision de suspendre tous ses partenariats en cours et \u00e0 venir avec la ville de Lannion. M. le D\u00e9put\u00e9-Maire de Lannion en a \u00e9t\u00e9 inform\u00e9 par courrier en date du 19 f\u00e9vrier 2007. Pour m\u00e9moire, la ville de Lannion offrait, depuis deux ans, un soutien logistique et financier plus accru \u00e0 Y\u2019a du riff\u2019ici dans le d\u00e9roulement des concerts : pr\u00eat de la salle des Ursulines et de son personnel, prise en charge des services de s\u00e9curit\u00e9 et de nettoyage, prise en charge du cachet du groupe invit\u00e9. Si, avec un amer regret, nous avons pris cette d\u00e9cision, c\u2019est qu\u2019il y a une enti\u00e8re l\u00e9gitimit\u00e9 \u00e0 cela. L\u2019association porte, depuis 10 ans maintenant, le projet de cr\u00e9ation d\u2019un lieu pour les musiques actuelles et les domaines artistiques li\u00e9s. Or, malgr\u00e9 tous les engagements des \u00e9lu-e-s de la majorit\u00e9 municipale de Lannion (inscription du projet dans les professions de foi lors des \u00e9lections Municipales de 2001, inscription dans le Contrat Local de S\u00e9curit\u00e9 en 2002\u2026), des \u00e9lu-e-s de Lannion-Tr\u00e9gor Agglom\u00e9ration (inscription du projet dans le nouveau Contrat de Pays 2006\/2012 puis retir\u00e9 au dernier moment de fa\u00e7on officieuse) et tous les efforts que nous avons consentis ainsi que toute la patience dont nous avons fait preuve pendant toutes ces ann\u00e9es (propositions de diff\u00e9rentes configurations du projet en f\u00e9vrier 1999, juillet 2003 et mars 2006, proposition d\u2019un projet en pr\u00e9figuration du futur \u00e9quipement en novembre 2002, diminutions significatives des co\u00fbts pr\u00e9visionnels d\u2019investissement et de fonctionnement passants respectivement de 2 millions \u00e0 830 000 euros et de 200 000 \u00e0 70 000 euros), nous avons constat\u00e9 qu\u2019absolument rien de concret n\u2019\u00e9tait en vue \u00e0 court terme. Consid\u00e9rant l\u2019enti\u00e8re l\u00e9gitimit\u00e9 de l\u2019existence d\u2019un lieu \u00e0 Lannion ou dans sa tr\u00e8s proche p\u00e9riph\u00e9rie, par de nombreux faits \u00e9tablis et ent\u00e9rin\u00e9s par le Pays du Tr\u00e9gor-Go\u00eblo, les Conseils du D\u00e9partement et de la R\u00e9gion de Bretagne, de l\u2019ADDM22\u2026, nous avons \u00e9t\u00e9 amen\u00e9s, malgr\u00e9 nous et apr\u00e8s en avoir bien pris la mesure, \u00e0 prendre la r\u00e9solution, entre autres, de d\u00e9placer les Jeunes Charrues de Lannion \u00e0 Callac. Enfin, bien conscient de l\u2019\u00e9preuve de force dans laquelle nous nous dirigeons et ne souhaitant pas du tout qu\u2019elle s\u2019\u00e9ternise, nous sommes \u00e0 l\u2019\u00e9coute de toute initiative des \u00e9lu-e-s nous conduisant \u00e0 renouer le dialogue sur ce dossier, et, ce, pour que nous en sortions la t\u00eate haute. Certain que les \u00e9lu-e-s prendront rapidement, eux aussi, la mesure des enjeux artistiques et plus largement de ceux culturels, sociaux, \u00e9conomiques du projet, nous souhaitons vivement retourn\u00e9, pour l&rsquo;\u00e9dition 2008, au Pays du Tr\u00e9gor-Go\u00eblo, ce, pour les artistes, le public et au-del\u00e0 pour l&rsquo;ensemble des acteurs concern\u00e9s. <strong>VOICI LE PROGRAMME DE LA SOIREE CONCERTS<\/strong> Samedi 03 mars 2007 \u00e0 21h00 Le Bacardi \u00e0 Callac, C\u00f4tes d&rsquo;Armor (22) Entr\u00e9e gratuite Renseignements Y&rsquo;a du riff&rsquo;ici : T\u00e9l. : 02 96 47 80 49 Mail : yaduriffici@free.fr Les 5 groupes en lice : THALI Ethno jazz de la Roche-Derrien BULLET TRAIN Rock&rsquo;n&rsquo;roll de Guingamp THE SUMMER OF MARIA Rock solaire de Lannion LEEDS Noisy rock schoogaze de Tr\u00e9gastel THE WANK&rsquo;IN NOODLES Rock garage de Guingamp + Invit\u00e9 Pendant le changement des groupes et la d\u00e9lib\u00e9ration du jury, le public pourra faire quelques pas de danse sur les mix voyageurs de DJ&rsquo;s GOMINA allant de la soul au punk en passant par le rythm&rsquo;n blues et le rock. INFOS HORAIRES &#8211; Ouverture des portes au public : 20h30 &#8211; Fermeture : 2h30 Y&rsquo;a Du Riff&rsquo;Ici \u00a0\u00bb Collectif des amateurs et des professionnels des spectacles vivants du Pays du Tr\u00e9gor-Go\u00eblo \u00a0\u00bb Le Pixie porche du 73\u00e8me Territorial 22300 Lannion contact : Dominique Aubin t\u00e9l. &amp; fax : 02 96 47 80 49 e-mail : yaduriffici@free.fr<\/p>\n","protected":false},"excerpt":{"rendered":"<p><a title=\"Regarder le sujet\" href=\"https:\/\/tv-tregor.com\/web-precedent\/www\/streams\/yadurif.html\">Regarder la vid\u00e9o <\/a><\/p>\n<p><a title=\"Regarder bikini\" href=\"http:\/\/www.tv-tregor.com\/web-precedent\/www\/streams\/yadurif.html\"><img decoding=\"async\" src=\"https:\/\/tv-tregor.com\/web-precedent\/IMG\/jpg\/yaduriffici250.jpg\" alt=\"yaduriffici250.jpg\" align=\"center\" \/><\/a><\/p>\n<p>L&rsquo;association Y a du riff ici\u00a0fait bouger le Tr\u00e9gor-Go\u00eblo en organisant des manifestations musicales depuis plusieurs ann\u00e9es. Sa vocation premi\u00e8re est de cr\u00e9er  \u2026  <a href=\"https:\/\/tv-tregor.com\/web-precedent\/2007\/02\/21\/un-lieu-pour-du-riff-ici-430\/\">&#8230;lire le sujet&#8230; <span class=\"meta-nav\">&rarr; <\/span><\/a><\/p>\n","protected":false},"author":1,"featured_media":0,"comment_status":"open","ping_status":"open","sticky":false,"template":"","format":"standard","meta":{"footnotes":""},"categories":[8],"tags":[],"class_list":["post-168","post","type-post","status-publish","format-standard","hentry","category-evenements"],"_links":{"self":[{"href":"https:\/\/tv-tregor.com\/web-precedent\/wp-json\/wp\/v2\/posts\/168","targetHints":{"allow":["GET"]}}],"collection":[{"href":"https:\/\/tv-tregor.com\/web-precedent\/wp-json\/wp\/v2\/posts"}],"about":[{"href":"https:\/\/tv-tregor.com\/web-precedent\/wp-json\/wp\/v2\/types\/post"}],"author":[{"embeddable":true,"href":"https:\/\/tv-tregor.com\/web-precedent\/wp-json\/wp\/v2\/users\/1"}],"replies":[{"embeddable":true,"href":"https:\/\/tv-tregor.com\/web-precedent\/wp-json\/wp\/v2\/comments?post=168"}],"version-history":[{"count":1,"href":"https:\/\/tv-tregor.com\/web-precedent\/wp-json\/wp\/v2\/posts\/168\/revisions"}],"predecessor-version":[{"id":995,"href":"https:\/\/tv-tregor.com\/web-precedent\/wp-json\/wp\/v2\/posts\/168\/revisions\/995"}],"wp:attachment":[{"href":"https:\/\/tv-tregor.com\/web-precedent\/wp-json\/wp\/v2\/media?parent=168"}],"wp:term":[{"taxonomy":"category","embeddable":true,"href":"https:\/\/tv-tregor.com\/web-precedent\/wp-json\/wp\/v2\/categories?post=168"},{"taxonomy":"post_tag","embeddable":true,"href":"https:\/\/tv-tregor.com\/web-precedent\/wp-json\/wp\/v2\/tags?post=168"}],"curies":[{"name":"wp","href":"https:\/\/api.w.org\/{rel}","templated":true}]}}