{"id":163,"date":"2007-01-10T07:00:00","date_gmt":"2007-01-10T06:00:00","guid":{"rendered":"http:\/\/tv-tregor.com\/web-precedent\/2007\/01\/10\/elf-la-pompe-afrique-636\/"},"modified":"2016-02-19T15:14:47","modified_gmt":"2016-02-19T14:14:47","slug":"elf-la-pompe-afrique-636","status":"publish","type":"post","link":"https:\/\/tv-tregor.com\/web-precedent\/2007\/01\/10\/elf-la-pompe-afrique-636\/","title":{"rendered":"Elf la pompe afrique &#8211; 6&rsquo;36"},"content":{"rendered":"<p><a title=\"Regarder le sujet\" href=\"https:\/\/tv-tregor.com\/web-precedent\/www\/streams\/elf.html\">Regarder la vid\u00e9o <\/a><\/p>\n<p><a title=\"Regarder le sujet\" href=\"http:\/\/www.tv-tregor.com\/web-precedent\/www\/streams\/elf.html\"><img decoding=\"async\" src=\"https:\/\/tv-tregor.com\/web-precedent\/IMG\/jpg\/elf250.jpg\" alt=\"elf250.jpg\" align=\"center\" \/><\/a><\/p>\n<p><a href=\"http:\/\/www.unpasdecote.org\">Nicolas Lambert<\/a>, auteur interpr\u00e8te, a suivis le proc\u00e8s de l&rsquo;affaire Elf durant quatre mois en se faisant passer pour un journaliste. De cette exp\u00e9rience il en a r\u00e9alis\u00e9 un spectacle \u00ab\u00a0Elf : La pompe Afrique\u00a0\u00bb. De passage dans le d\u00e9partement pour trois repr\u00e9sentations, dans le cadre de \u00ab\u00a0Paroles d&rsquo;hiver\u00a0\u00bb, il pr\u00e9sentait son travail \u00e0 Lannion \u00e0 la salle Savidan, sur l&rsquo;invitation des associations <a href=\"http:\/\/www.attac22.org\/\">Attac<\/a> et Survie Tr\u00e9gor.<\/p>\n","protected":false},"excerpt":{"rendered":"<p><a title=\"Regarder le sujet\" href=\"https:\/\/tv-tregor.com\/web-precedent\/www\/streams\/elf.html\">Regarder la vid\u00e9o <\/a><\/p>\n<p><a title=\"Regarder le sujet\" href=\"http:\/\/www.tv-tregor.com\/web-precedent\/www\/streams\/elf.html\"><img decoding=\"async\" src=\"https:\/\/tv-tregor.com\/web-precedent\/IMG\/jpg\/elf250.jpg\" alt=\"elf250.jpg\" align=\"center\" \/><\/a><\/p>\n<p><a href=\"http:\/\/www.unpasdecote.org\">Nicolas Lambert<\/a>, auteur interpr\u00e8te, a suivis le proc\u00e8s de l&rsquo;affaire Elf durant quatre mois en se faisant passer pour un journaliste.  \u2026  <a href=\"https:\/\/tv-tregor.com\/web-precedent\/2007\/01\/10\/elf-la-pompe-afrique-636\/\">&#8230;lire le sujet&#8230; <span class=\"meta-nav\">&rarr; <\/span><\/a><\/p>\n","protected":false},"author":1,"featured_media":0,"comment_status":"open","ping_status":"open","sticky":false,"template":"","format":"standard","meta":{"footnotes":""},"categories":[14],"tags":[],"class_list":["post-163","post","type-post","status-publish","format-standard","hentry","category-culture"],"_links":{"self":[{"href":"https:\/\/tv-tregor.com\/web-precedent\/wp-json\/wp\/v2\/posts\/163","targetHints":{"allow":["GET"]}}],"collection":[{"href":"https:\/\/tv-tregor.com\/web-precedent\/wp-json\/wp\/v2\/posts"}],"about":[{"href":"https:\/\/tv-tregor.com\/web-precedent\/wp-json\/wp\/v2\/types\/post"}],"author":[{"embeddable":true,"href":"https:\/\/tv-tregor.com\/web-precedent\/wp-json\/wp\/v2\/users\/1"}],"replies":[{"embeddable":true,"href":"https:\/\/tv-tregor.com\/web-precedent\/wp-json\/wp\/v2\/comments?post=163"}],"version-history":[{"count":3,"href":"https:\/\/tv-tregor.com\/web-precedent\/wp-json\/wp\/v2\/posts\/163\/revisions"}],"predecessor-version":[{"id":1023,"href":"https:\/\/tv-tregor.com\/web-precedent\/wp-json\/wp\/v2\/posts\/163\/revisions\/1023"}],"wp:attachment":[{"href":"https:\/\/tv-tregor.com\/web-precedent\/wp-json\/wp\/v2\/media?parent=163"}],"wp:term":[{"taxonomy":"category","embeddable":true,"href":"https:\/\/tv-tregor.com\/web-precedent\/wp-json\/wp\/v2\/categories?post=163"},{"taxonomy":"post_tag","embeddable":true,"href":"https:\/\/tv-tregor.com\/web-precedent\/wp-json\/wp\/v2\/tags?post=163"}],"curies":[{"name":"wp","href":"https:\/\/api.w.org\/{rel}","templated":true}]}}