{"id":158,"date":"2006-12-13T07:00:00","date_gmt":"2006-12-13T06:00:00","guid":{"rendered":"http:\/\/tv-tregor.com\/web-precedent\/2006\/12\/13\/deusta-521\/"},"modified":"2006-12-13T07:00:00","modified_gmt":"2006-12-13T06:00:00","slug":"deusta-521","status":"publish","type":"post","link":"https:\/\/tv-tregor.com\/web-precedent\/2006\/12\/13\/deusta-521\/","title":{"rendered":"Deus&rsquo;ta &#8211; 5&rsquo;21"},"content":{"rendered":"<p><a href=\"https:\/\/tv-tregor.com\/web-precedent\/www\/streams\/deusta.html\" title=\"Regarder le sujet\">Regarder la vid\u00e9o <\/a><\/p>\n<p><a href=\"http:\/\/www.tv-tregor.com\/web-precedent\/www\/streams\/deusta.html\" title=\"Regarder le sujet\"><img decoding=\"async\" src=\"https:\/\/tv-tregor.com\/web-precedent\/IMG\/jpg\/deusta250.jpg\" alt=\"deusta250.jpg\" align=\"center\" \/><\/a> <\/p>\n<p>  Deus&rsquo;ta, viens donc voir la fabrication du cidre chez Christelle et Gilbert Lavanant \u00e0 Tredrez Locqu\u00e9meau. Le matin du samedi 11 novembre une petite \u00e9quipe, r\u00e9pondant \u00e0 l&rsquo;invitation de l&rsquo;association Lannionnaise Deus&rsquo;ta, \u00e9tait au rendez-vous, pr\u00eate pour le ramassage des pommes dans le verger de Gilbert au Vieux-March\u00e9. La journ\u00e9e se poursuivant ensuite autour du pressoir.   Une journ\u00e9e conviviale et riche en enseignement, la pomme et le cidre n&rsquo;ont d\u00e9sormais plus de secret pour ces amateurs de produits naturels, attentifs aux explications de Gilbert, passionn\u00e9 par sa production de cidre, de jus de pomme, de pommeau, d&rsquo;eau de vie et de vinaigre de cidre. A d\u00e9couvrir&#8230;<\/p>\n","protected":false},"excerpt":{"rendered":"<p><a href=\"https:\/\/tv-tregor.com\/web-precedent\/www\/streams\/deusta.html\" title=\"Regarder le sujet\">Regarder la vid\u00e9o <\/a><\/p>\n<p><a href=\"http:\/\/www.tv-tregor.com\/web-precedent\/www\/streams\/deusta.html\" title=\"Regarder le sujet\"><img decoding=\"async\" src=\"https:\/\/tv-tregor.com\/web-precedent\/IMG\/jpg\/deusta250.jpg\" alt=\"deusta250.jpg\" align=\"center\" \/><\/a> <\/p>\n<p> Deus&rsquo;ta, viens donc voir la fabrication du cidre chez Christelle et Gilbert Lavanant \u00e0 Tredrez Locqu\u00e9meau. Le matin du samedi  \u2026  <a href=\"https:\/\/tv-tregor.com\/web-precedent\/2006\/12\/13\/deusta-521\/\">&#8230;lire le sujet&#8230; <span class=\"meta-nav\">&rarr; <\/span><\/a><\/p>\n","protected":false},"author":1,"featured_media":0,"comment_status":"open","ping_status":"open","sticky":false,"template":"","format":"standard","meta":{"footnotes":""},"categories":[14],"tags":[],"class_list":["post-158","post","type-post","status-publish","format-standard","hentry","category-culture"],"_links":{"self":[{"href":"https:\/\/tv-tregor.com\/web-precedent\/wp-json\/wp\/v2\/posts\/158","targetHints":{"allow":["GET"]}}],"collection":[{"href":"https:\/\/tv-tregor.com\/web-precedent\/wp-json\/wp\/v2\/posts"}],"about":[{"href":"https:\/\/tv-tregor.com\/web-precedent\/wp-json\/wp\/v2\/types\/post"}],"author":[{"embeddable":true,"href":"https:\/\/tv-tregor.com\/web-precedent\/wp-json\/wp\/v2\/users\/1"}],"replies":[{"embeddable":true,"href":"https:\/\/tv-tregor.com\/web-precedent\/wp-json\/wp\/v2\/comments?post=158"}],"version-history":[{"count":0,"href":"https:\/\/tv-tregor.com\/web-precedent\/wp-json\/wp\/v2\/posts\/158\/revisions"}],"wp:attachment":[{"href":"https:\/\/tv-tregor.com\/web-precedent\/wp-json\/wp\/v2\/media?parent=158"}],"wp:term":[{"taxonomy":"category","embeddable":true,"href":"https:\/\/tv-tregor.com\/web-precedent\/wp-json\/wp\/v2\/categories?post=158"},{"taxonomy":"post_tag","embeddable":true,"href":"https:\/\/tv-tregor.com\/web-precedent\/wp-json\/wp\/v2\/tags?post=158"}],"curies":[{"name":"wp","href":"https:\/\/api.w.org\/{rel}","templated":true}]}}