{"id":154,"date":"2006-11-22T07:00:00","date_gmt":"2006-11-22T06:00:00","guid":{"rendered":"http:\/\/tv-tregor.com\/web-precedent\/2006\/11\/22\/le-vingtieme-festival-de-lanvellec-en-fete-145\/"},"modified":"2006-11-22T07:00:00","modified_gmt":"2006-11-22T06:00:00","slug":"le-vingtieme-festival-de-lanvellec-en-fete-145","status":"publish","type":"post","link":"https:\/\/tv-tregor.com\/web-precedent\/2006\/11\/22\/le-vingtieme-festival-de-lanvellec-en-fete-145\/","title":{"rendered":"Le vingti\u00e8me festival de Lanvellec en f\u00eate &#8211; 1&rsquo;45"},"content":{"rendered":"<p><a href=\"https:\/\/tv-tregor.com\/web-precedent\/www\/streams\/lanvel.html\" title=\"Regarder le sujet\">Regarder la vid\u00e9o <\/a><\/p>\n<p><a href=\"http:\/\/www.tv-tregor.com\/web-precedent\/www\/streams\/lanvel.html\" title=\"Regarder le sujet\"><img decoding=\"async\" src=\"https:\/\/tv-tregor.com\/web-precedent\/IMG\/jpg\/lanvellec250.jpg\" alt=\"lanvellec250.jpg\" align=\"center\" \/><\/a> <\/p>\n<p>  Le 14 et 15 Octobre dernier a eu lieu, en parall\u00e8le du vingti\u00e8me festival de musique baroque, le dixi\u00e8me festival de Lanvellec en f\u00eate. On y trouvait une multitude d&rsquo;animations, dans un d\u00e9cor mont\u00e9 pour l&rsquo;occasion par 140 b\u00e9n\u00e9voles.  Cette ann\u00e9e encore les 10 000 spectateurs ont pu d\u00e9couvrir le savoir faire des nombreux exposants, musiciens et artisans dans une ambiance simple et festive.<\/p>\n","protected":false},"excerpt":{"rendered":"<p><a href=\"https:\/\/tv-tregor.com\/web-precedent\/www\/streams\/lanvel.html\" title=\"Regarder le sujet\">Regarder la vid\u00e9o <\/a><\/p>\n<p><a href=\"http:\/\/www.tv-tregor.com\/web-precedent\/www\/streams\/lanvel.html\" title=\"Regarder le sujet\"><img decoding=\"async\" src=\"https:\/\/tv-tregor.com\/web-precedent\/IMG\/jpg\/lanvellec250.jpg\" alt=\"lanvellec250.jpg\" align=\"center\" \/><\/a> <\/p>\n<p> Le 14 et 15 Octobre dernier a eu lieu, en parall\u00e8le du vingti\u00e8me festival de musique baroque, le dixi\u00e8me festival  \u2026  <a href=\"https:\/\/tv-tregor.com\/web-precedent\/2006\/11\/22\/le-vingtieme-festival-de-lanvellec-en-fete-145\/\">&#8230;lire le sujet&#8230; <span class=\"meta-nav\">&rarr; <\/span><\/a><\/p>\n","protected":false},"author":1,"featured_media":0,"comment_status":"open","ping_status":"open","sticky":false,"template":"","format":"standard","meta":{"footnotes":""},"categories":[23],"tags":[],"class_list":["post-154","post","type-post","status-publish","format-standard","hentry","category-patrimoine"],"_links":{"self":[{"href":"https:\/\/tv-tregor.com\/web-precedent\/wp-json\/wp\/v2\/posts\/154","targetHints":{"allow":["GET"]}}],"collection":[{"href":"https:\/\/tv-tregor.com\/web-precedent\/wp-json\/wp\/v2\/posts"}],"about":[{"href":"https:\/\/tv-tregor.com\/web-precedent\/wp-json\/wp\/v2\/types\/post"}],"author":[{"embeddable":true,"href":"https:\/\/tv-tregor.com\/web-precedent\/wp-json\/wp\/v2\/users\/1"}],"replies":[{"embeddable":true,"href":"https:\/\/tv-tregor.com\/web-precedent\/wp-json\/wp\/v2\/comments?post=154"}],"version-history":[{"count":0,"href":"https:\/\/tv-tregor.com\/web-precedent\/wp-json\/wp\/v2\/posts\/154\/revisions"}],"wp:attachment":[{"href":"https:\/\/tv-tregor.com\/web-precedent\/wp-json\/wp\/v2\/media?parent=154"}],"wp:term":[{"taxonomy":"category","embeddable":true,"href":"https:\/\/tv-tregor.com\/web-precedent\/wp-json\/wp\/v2\/categories?post=154"},{"taxonomy":"post_tag","embeddable":true,"href":"https:\/\/tv-tregor.com\/web-precedent\/wp-json\/wp\/v2\/tags?post=154"}],"curies":[{"name":"wp","href":"https:\/\/api.w.org\/{rel}","templated":true}]}}