{"id":150,"date":"2006-10-25T16:00:00","date_gmt":"2006-10-25T15:00:00","guid":{"rendered":"http:\/\/tv-tregor.com\/web-precedent\/2006\/10\/25\/le-symposium-de-tregastel-1117\/"},"modified":"2016-10-16T19:20:18","modified_gmt":"2016-10-16T18:20:18","slug":"le-symposium-de-tregastel-1117","status":"publish","type":"post","link":"https:\/\/tv-tregor.com\/web-precedent\/2006\/10\/25\/le-symposium-de-tregastel-1117\/","title":{"rendered":"Le symposium de Tr\u00e9gastel &#8211; 11&rsquo;17"},"content":{"rendered":"<p><a href=\"https:\/\/tv-tregor.com\/web-precedent\/www\/streams\/sympot.html\" title=\"Regarder le sujet\">Regarder la vid\u00e9o <\/a><\/p>\n<p><a href=\"http:\/\/www.tv-tregor.com\/web-precedent\/www\/streams\/sympot.html\" title=\"Regarder le sujet\"><img decoding=\"async\" src=\"https:\/\/tv-tregor.com\/web-precedent\/IMG\/jpg\/sympot250.jpg\" alt=\"sympot250.jpg\" align=\"center\" \/><\/a> <\/p>\n<p>  Du 11 au 23 Septembre dernier, se d\u00e9roulait un symposium de sculpture dans le jardin du presbyt\u00e8re de <a href=\"http:\/\/www.ville-tregastel.fr\/\">Tr\u00e9gastel<\/a>, organis\u00e9 par la municipalit\u00e9 et orchestr\u00e9 par Yvon Ollivier- Henry et Christian Le Maillot.  Les \u00e9quipes de TV Tr\u00e9gor ont suivi l&rsquo;\u00e9volution du travail des sept artistes qui, sur deux semaines ont r\u00e9alis\u00e9 une &#339;uvre monumentale. Certains travaillaient le bois (ch\u00eane ou cypr\u00e8s) d&rsquo;autres la pierre (granit rose) mais tous \u00e9taient heureux de partager un savoir-faire dans un ronflement de tron\u00e7onneuses et de meuleuses.  <strong>Les artistes du symposium de Tr\u00e9gastel :<\/strong>  SEENU (Tr\u00e9gastel)  Bernard SAN MIGUEL (Tr\u00e9gueux)  Erwan OLLIVIER-HENRY (Plouha)  David PUECH (Penv\u00e9nan)  Patrice LE GUEN (Dossen-Santec)  MARIDEE (Rosporden)  ELOUAN (Tr\u00e9gastel)  <\/p>\n","protected":false},"excerpt":{"rendered":"<p><a href=\"https:\/\/tv-tregor.com\/web-precedent\/www\/streams\/sympot.html\" title=\"Regarder le sujet\">Regarder la vid\u00e9o <\/a><\/p>\n<p><a href=\"http:\/\/www.tv-tregor.com\/web-precedent\/www\/streams\/sympot.html\" title=\"Regarder le sujet\"><img decoding=\"async\" src=\"https:\/\/tv-tregor.com\/web-precedent\/IMG\/jpg\/sympot250.jpg\" alt=\"sympot250.jpg\" align=\"center\" \/><\/a> <\/p>\n<p> Du 11 au 23 Septembre dernier, se d\u00e9roulait un symposium de sculpture dans le jardin du presbyt\u00e8re de <a href=\"http:\/\/www.ville-tregastel.fr\/\">Tr\u00e9gastel<\/a>,  \u2026  <a href=\"https:\/\/tv-tregor.com\/web-precedent\/2006\/10\/25\/le-symposium-de-tregastel-1117\/\">&#8230;lire le sujet&#8230; <span class=\"meta-nav\">&rarr; <\/span><\/a><\/p>\n","protected":false},"author":1,"featured_media":0,"comment_status":"open","ping_status":"open","sticky":false,"template":"","format":"standard","meta":{"footnotes":""},"categories":[14],"tags":[],"class_list":["post-150","post","type-post","status-publish","format-standard","hentry","category-culture"],"_links":{"self":[{"href":"https:\/\/tv-tregor.com\/web-precedent\/wp-json\/wp\/v2\/posts\/150","targetHints":{"allow":["GET"]}}],"collection":[{"href":"https:\/\/tv-tregor.com\/web-precedent\/wp-json\/wp\/v2\/posts"}],"about":[{"href":"https:\/\/tv-tregor.com\/web-precedent\/wp-json\/wp\/v2\/types\/post"}],"author":[{"embeddable":true,"href":"https:\/\/tv-tregor.com\/web-precedent\/wp-json\/wp\/v2\/users\/1"}],"replies":[{"embeddable":true,"href":"https:\/\/tv-tregor.com\/web-precedent\/wp-json\/wp\/v2\/comments?post=150"}],"version-history":[{"count":2,"href":"https:\/\/tv-tregor.com\/web-precedent\/wp-json\/wp\/v2\/posts\/150\/revisions"}],"predecessor-version":[{"id":1033,"href":"https:\/\/tv-tregor.com\/web-precedent\/wp-json\/wp\/v2\/posts\/150\/revisions\/1033"}],"wp:attachment":[{"href":"https:\/\/tv-tregor.com\/web-precedent\/wp-json\/wp\/v2\/media?parent=150"}],"wp:term":[{"taxonomy":"category","embeddable":true,"href":"https:\/\/tv-tregor.com\/web-precedent\/wp-json\/wp\/v2\/categories?post=150"},{"taxonomy":"post_tag","embeddable":true,"href":"https:\/\/tv-tregor.com\/web-precedent\/wp-json\/wp\/v2\/tags?post=150"}],"curies":[{"name":"wp","href":"https:\/\/api.w.org\/{rel}","templated":true}]}}