{"id":145,"date":"2006-09-28T01:02:00","date_gmt":"2006-09-28T00:02:00","guid":{"rendered":"http:\/\/tv-tregor.com\/web-precedent\/2006\/09\/28\/maria-prat-partie-23-et-33\/"},"modified":"2016-01-18T23:38:46","modified_gmt":"2016-01-18T22:38:46","slug":"maria-prat-partie-23-et-33","status":"publish","type":"post","link":"https:\/\/tv-tregor.com\/web-precedent\/2006\/09\/28\/maria-prat-partie-23-et-33\/","title":{"rendered":"Maria Prat, partie 2\/3 et 3\/3"},"content":{"rendered":"<p><a href=\"http:\/\/www.tv-tregor.com\/web-precedent\/www\/streams\/mariab.html\">Regarder\u00a0la deuxi\u00e8me partie, de ce portrait en trois vid\u00e9os<\/a><\/p>\n<p><a href=\"http:\/\/www.tv-tregor.com\/web-precedent\/www\/streams\/mariac.html\">Regarder\u00a0la troisi\u00e8me partie, de ce portrait en trois vid\u00e9os<\/a><\/p>\n<p><a title=\"Regarder le sujet\" href=\"http:\/\/www.tv-tregor.com\/web-precedent\/www\/streams\/mariab.html\"><img decoding=\"async\" src=\"https:\/\/tv-tregor.com\/web-precedent\/IMG\/jpg\/maria2502.jpg\" alt=\"maria2502.jpg\" align=\"center\" \/><\/a><\/p>\n<p>\u00c9crivain, conteuse, po\u00e9tesse pendant plus de cinquante ans, Maria Prat, nous a quitt\u00e9 le 24 mai dernier. Dans cette deuxi\u00e8me partie, Maria, l&rsquo;\u00e2me des veill\u00e9es, nous parle de son r\u00f4le, son action au sein de la troupe \u00ab\u00a0Strollad Beilhadego\u00f9 Treger\u00a0\u00bb, de ses relations avec les gens qui la composaient. Ils \u00e9taient cultivateurs, employ\u00e9s de bureau, commer\u00e7ants&#8230; Tous des acteurs amateurs. Maria \u00e9tait aussi tr\u00e8s croyante. Elle t\u00e9moigne de son engagement aupr\u00e8s de sa paroisse de Br\u00e9l\u00e9venez, des malades lors de ses voyages \u00e0 Lourdes et nous livre son attachement au breton, sa langue maternelle.<\/p>\n<p><a title=\"Regarder le sujet\" href=\"http:\/\/www.tv-tregor.com\/web-precedent\/www\/streams\/mariac.html\"><img decoding=\"async\" src=\"https:\/\/tv-tregor.com\/web-precedent\/IMG\/jpg\/maria250.jpg\" alt=\"maria250.jpg\" align=\"center\" \/><\/a><\/p>\n","protected":false},"excerpt":{"rendered":"<p><a href=\"http:\/\/www.tv-tregor.com\/web-precedent\/www\/streams\/mariab.html\">Regarder\u00a0la deuxi\u00e8me partie, de ce portrait en trois vid\u00e9os<\/a><\/p>\n<p><a href=\"http:\/\/www.tv-tregor.com\/web-precedent\/www\/streams\/mariac.html\">Regarder\u00a0la troisi\u00e8me partie, de ce portrait en trois vid\u00e9os<\/a><\/p>\n<p><a title=\"Regarder le sujet\" href=\"http:\/\/www.tv-tregor.com\/web-precedent\/www\/streams\/mariab.html\"><img decoding=\"async\" src=\"https:\/\/tv-tregor.com\/web-precedent\/IMG\/jpg\/maria2502.jpg\" alt=\"maria2502.jpg\" align=\"center\" \/><\/a><\/p>\n<p>\u00c9crivain, conteuse, po\u00e9tesse pendant plus de cinquante ans, Maria Prat,  \u2026  <a href=\"https:\/\/tv-tregor.com\/web-precedent\/2006\/09\/28\/maria-prat-partie-23-et-33\/\">&#8230;lire le sujet&#8230; <span class=\"meta-nav\">&rarr; <\/span><\/a><\/p>\n","protected":false},"author":1,"featured_media":0,"comment_status":"open","ping_status":"open","sticky":false,"template":"","format":"standard","meta":{"footnotes":""},"categories":[14],"tags":[],"class_list":["post-145","post","type-post","status-publish","format-standard","hentry","category-culture"],"_links":{"self":[{"href":"https:\/\/tv-tregor.com\/web-precedent\/wp-json\/wp\/v2\/posts\/145","targetHints":{"allow":["GET"]}}],"collection":[{"href":"https:\/\/tv-tregor.com\/web-precedent\/wp-json\/wp\/v2\/posts"}],"about":[{"href":"https:\/\/tv-tregor.com\/web-precedent\/wp-json\/wp\/v2\/types\/post"}],"author":[{"embeddable":true,"href":"https:\/\/tv-tregor.com\/web-precedent\/wp-json\/wp\/v2\/users\/1"}],"replies":[{"embeddable":true,"href":"https:\/\/tv-tregor.com\/web-precedent\/wp-json\/wp\/v2\/comments?post=145"}],"version-history":[{"count":3,"href":"https:\/\/tv-tregor.com\/web-precedent\/wp-json\/wp\/v2\/posts\/145\/revisions"}],"predecessor-version":[{"id":936,"href":"https:\/\/tv-tregor.com\/web-precedent\/wp-json\/wp\/v2\/posts\/145\/revisions\/936"}],"wp:attachment":[{"href":"https:\/\/tv-tregor.com\/web-precedent\/wp-json\/wp\/v2\/media?parent=145"}],"wp:term":[{"taxonomy":"category","embeddable":true,"href":"https:\/\/tv-tregor.com\/web-precedent\/wp-json\/wp\/v2\/categories?post=145"},{"taxonomy":"post_tag","embeddable":true,"href":"https:\/\/tv-tregor.com\/web-precedent\/wp-json\/wp\/v2\/tags?post=145"}],"curies":[{"name":"wp","href":"https:\/\/api.w.org\/{rel}","templated":true}]}}