{"id":144,"date":"2006-09-14T15:40:00","date_gmt":"2006-09-14T14:40:00","guid":{"rendered":"http:\/\/tv-tregor.com\/web-precedent\/2006\/09\/14\/maria-prat-partie-13-1537\/"},"modified":"2006-09-14T15:40:00","modified_gmt":"2006-09-14T14:40:00","slug":"maria-prat-partie-13-1537","status":"publish","type":"post","link":"https:\/\/tv-tregor.com\/web-precedent\/2006\/09\/14\/maria-prat-partie-13-1537\/","title":{"rendered":"Maria Prat, partie 1\/3 &#8211; 15&rsquo;37"},"content":{"rendered":"<p><a href=\"https:\/\/tv-tregor.com\/web-precedent\/www\/streams\/mariaa.html\" title=\"Regarder le sujet\">Regarder la vid\u00e9o <\/a><\/p>\n<p><a href=\"http:\/\/www.tv-tregor.com\/web-precedent\/www\/streams\/mariaa.html\" title=\"Regarder le sujet\"><img decoding=\"async\" src=\"https:\/\/tv-tregor.com\/web-precedent\/IMG\/jpg\/maria2502-2.jpg\" alt=\"maria2502-2.jpg\" align=\"center\" \/><\/a> <\/p>\n<p>  Ecrivain, conteuse, po\u00e9tesse pendant plus de cinquante ans, Maria Prat, nous a quitt\u00e9 le 24 mai dernier.   Elle a \u00e0 peine vingt ans, quand elle commence \u00e0 \u00e9crire de nombreux, po\u00e8mes, histoires, farces, chants, et pi\u00e8ces de th\u00e9\u00e2tre. C&rsquo;est une passion chez elle. Son talent d&rsquo;\u00e9crivain est remarqu\u00e9 en 1959, \u00e9poque o\u00f9 Roger Laou\u00ebnan lui propose de cr\u00e9er  une troupe de th\u00e9\u00e2tre \u00ab Strollag Beilhadegou Treger \u00bb. La troupe va \u00ab \u00e9cumer \u00bb le Pays du Tr\u00e9gor-Go\u00eblo pendant plus de 20 ans.  C&rsquo;est dans les archives de Tr\u00e9gor Vid\u00e9o, que nous avons trouv\u00e9 des images enregistr\u00e9es le 6 juin 1997, dans sa chambre au Foyer Sainte Anne o\u00f9 elle r\u00e9sidait. Voici la premi\u00e8re partie, de ce portrait en trois vid\u00e9os. <\/p>\n","protected":false},"excerpt":{"rendered":"<p><a href=\"https:\/\/tv-tregor.com\/web-precedent\/www\/streams\/mariaa.html\" title=\"Regarder le sujet\">Regarder la vid\u00e9o <\/a><\/p>\n<p><a href=\"http:\/\/www.tv-tregor.com\/web-precedent\/www\/streams\/mariaa.html\" title=\"Regarder le sujet\"><img decoding=\"async\" src=\"https:\/\/tv-tregor.com\/web-precedent\/IMG\/jpg\/maria2502-2.jpg\" alt=\"maria2502-2.jpg\" align=\"center\" \/><\/a> <\/p>\n<p> Ecrivain, conteuse, po\u00e9tesse pendant plus de cinquante ans, Maria Prat, nous a quitt\u00e9 le 24 mai dernier. Elle a \u00e0  \u2026  <a href=\"https:\/\/tv-tregor.com\/web-precedent\/2006\/09\/14\/maria-prat-partie-13-1537\/\">&#8230;lire le sujet&#8230; <span class=\"meta-nav\">&rarr; <\/span><\/a><\/p>\n","protected":false},"author":1,"featured_media":0,"comment_status":"open","ping_status":"open","sticky":false,"template":"","format":"standard","meta":{"footnotes":""},"categories":[14],"tags":[],"class_list":["post-144","post","type-post","status-publish","format-standard","hentry","category-culture"],"_links":{"self":[{"href":"https:\/\/tv-tregor.com\/web-precedent\/wp-json\/wp\/v2\/posts\/144","targetHints":{"allow":["GET"]}}],"collection":[{"href":"https:\/\/tv-tregor.com\/web-precedent\/wp-json\/wp\/v2\/posts"}],"about":[{"href":"https:\/\/tv-tregor.com\/web-precedent\/wp-json\/wp\/v2\/types\/post"}],"author":[{"embeddable":true,"href":"https:\/\/tv-tregor.com\/web-precedent\/wp-json\/wp\/v2\/users\/1"}],"replies":[{"embeddable":true,"href":"https:\/\/tv-tregor.com\/web-precedent\/wp-json\/wp\/v2\/comments?post=144"}],"version-history":[{"count":0,"href":"https:\/\/tv-tregor.com\/web-precedent\/wp-json\/wp\/v2\/posts\/144\/revisions"}],"wp:attachment":[{"href":"https:\/\/tv-tregor.com\/web-precedent\/wp-json\/wp\/v2\/media?parent=144"}],"wp:term":[{"taxonomy":"category","embeddable":true,"href":"https:\/\/tv-tregor.com\/web-precedent\/wp-json\/wp\/v2\/categories?post=144"},{"taxonomy":"post_tag","embeddable":true,"href":"https:\/\/tv-tregor.com\/web-precedent\/wp-json\/wp\/v2\/tags?post=144"}],"curies":[{"name":"wp","href":"https:\/\/api.w.org\/{rel}","templated":true}]}}