{"id":140,"date":"2006-08-21T14:36:54","date_gmt":"2006-08-21T13:36:54","guid":{"rendered":"http:\/\/tv-tregor.com\/web-precedent\/2006\/08\/21\/le-chateau-de-tonquedec-au-moyen-age-440\/"},"modified":"2006-08-21T14:36:54","modified_gmt":"2006-08-21T13:36:54","slug":"le-chateau-de-tonquedec-au-moyen-age-440","status":"publish","type":"post","link":"https:\/\/tv-tregor.com\/web-precedent\/2006\/08\/21\/le-chateau-de-tonquedec-au-moyen-age-440\/","title":{"rendered":"Le chateau de Tonqu\u00e9dec au Moyen-Age &#8211; 4&rsquo;40"},"content":{"rendered":"<p><a href=\"https:\/\/tv-tregor.com\/web-precedent\/www\/streams\/tonquedec.html\" title=\"Regarder le sujet\">Regarder la vid\u00e9o <\/a><\/p>\n<p><a href=\"http:\/\/www.tv-tregor.com\/web-precedent\/www\/streams\/tonquedec.html\" title=\"Regarder le sujet\"><img decoding=\"async\" src=\"https:\/\/tv-tregor.com\/web-precedent\/IMG\/jpg\/tonquedec250.jpg\" alt=\"tonquedec250.jpg\" align=\"center\" \/><\/a> <\/p>\n<p>  C&rsquo;est \u00e0 3h du matin le 9 Ao\u00fbt dernier, que quelques soldats de la troupe de \u00ab\u00a0La Maisnie Penthi\u00e8vre\u00a0\u00bb, ont escalad\u00e9 la muraille avant de prendre d&rsquo;assaut <a href=\"http:\/\/www.tonquedec.com\">le chateau de Tonqu\u00e9dec<\/a>. Le lendemain matin, un v\u00e9ritable village s&rsquo;\u00e9tait install\u00e9 dans l&rsquo;enceinte du chateau avec des estuvi\u00e8res, des haubergiers, des passementi\u00e8res et autres apothicaires &#8230; Ils ont ainsi festoy\u00e9 et guerroy\u00e9 durant 5 jours, sous les yeux des visiteurs m\u00e9dus\u00e9s !  <a href=\"http:\/\/www.tonquedec.com\">Visitez le site du chateau de Tonqu\u00e9dec sur www.tonquedec.com<\/a><\/p>\n","protected":false},"excerpt":{"rendered":"<p><a href=\"https:\/\/tv-tregor.com\/web-precedent\/www\/streams\/tonquedec.html\" title=\"Regarder le sujet\">Regarder la vid\u00e9o <\/a><\/p>\n<p><a href=\"http:\/\/www.tv-tregor.com\/web-precedent\/www\/streams\/tonquedec.html\" title=\"Regarder le sujet\"><img decoding=\"async\" src=\"https:\/\/tv-tregor.com\/web-precedent\/IMG\/jpg\/tonquedec250.jpg\" alt=\"tonquedec250.jpg\" align=\"center\" \/><\/a> <\/p>\n<p> C&rsquo;est \u00e0 3h du matin le 9 Ao\u00fbt dernier, que quelques soldats de la troupe de \u00ab\u00a0La Maisnie Penthi\u00e8vre\u00a0\u00bb, ont  \u2026  <a href=\"https:\/\/tv-tregor.com\/web-precedent\/2006\/08\/21\/le-chateau-de-tonquedec-au-moyen-age-440\/\">&#8230;lire le sujet&#8230; <span class=\"meta-nav\">&rarr; <\/span><\/a><\/p>\n","protected":false},"author":1,"featured_media":0,"comment_status":"open","ping_status":"open","sticky":false,"template":"","format":"standard","meta":{"footnotes":""},"categories":[2],"tags":[],"class_list":["post-140","post","type-post","status-publish","format-standard","hentry","category-info-locale"],"_links":{"self":[{"href":"https:\/\/tv-tregor.com\/web-precedent\/wp-json\/wp\/v2\/posts\/140","targetHints":{"allow":["GET"]}}],"collection":[{"href":"https:\/\/tv-tregor.com\/web-precedent\/wp-json\/wp\/v2\/posts"}],"about":[{"href":"https:\/\/tv-tregor.com\/web-precedent\/wp-json\/wp\/v2\/types\/post"}],"author":[{"embeddable":true,"href":"https:\/\/tv-tregor.com\/web-precedent\/wp-json\/wp\/v2\/users\/1"}],"replies":[{"embeddable":true,"href":"https:\/\/tv-tregor.com\/web-precedent\/wp-json\/wp\/v2\/comments?post=140"}],"version-history":[{"count":0,"href":"https:\/\/tv-tregor.com\/web-precedent\/wp-json\/wp\/v2\/posts\/140\/revisions"}],"wp:attachment":[{"href":"https:\/\/tv-tregor.com\/web-precedent\/wp-json\/wp\/v2\/media?parent=140"}],"wp:term":[{"taxonomy":"category","embeddable":true,"href":"https:\/\/tv-tregor.com\/web-precedent\/wp-json\/wp\/v2\/categories?post=140"},{"taxonomy":"post_tag","embeddable":true,"href":"https:\/\/tv-tregor.com\/web-precedent\/wp-json\/wp\/v2\/tags?post=140"}],"curies":[{"name":"wp","href":"https:\/\/api.w.org\/{rel}","templated":true}]}}