{"id":137,"date":"2006-07-28T15:03:53","date_gmt":"2006-07-28T14:03:53","guid":{"rendered":"http:\/\/tv-tregor.com\/web-precedent\/2006\/07\/28\/la-croix-de-mi-lieue-837\/"},"modified":"2006-07-28T15:03:53","modified_gmt":"2006-07-28T14:03:53","slug":"la-croix-de-mi-lieue-837","status":"publish","type":"post","link":"https:\/\/tv-tregor.com\/web-precedent\/2006\/07\/28\/la-croix-de-mi-lieue-837\/","title":{"rendered":"La croix de mi-lieue &#8211; 8&rsquo;37"},"content":{"rendered":"<p><a href=\"https:\/\/tv-tregor.com\/web-precedent\/www\/streams\/croix.html\" title=\"Regarder le sujet\">Regarder la vid\u00e9o <\/a><\/p>\n<p><a href=\"http:\/\/www.tv-tregor.com\/web-precedent\/www\/streams\/croix.html\" title=\"Regarder le sujet\"><img decoding=\"async\" src=\"https:\/\/tv-tregor.com\/web-precedent\/IMG\/jpg\/gcroix.jpg\" alt=\"gcroix.jpg\" align=\"center\" \/><\/a> <\/p>\n<p>   Aujoud&rsquo;hui, un site myst\u00e9rieux sur la c\u00f4te entre Plestin-les-gr\u00e8ves et St Michel-en-Gr\u00e8ve, la croix de mi-lieue. Vous l&rsquo;avez sans doute remarqu\u00e9e \u00e0 mar\u00e9e basse, perdue dans la baie mais connaissez vous son histoire?&#8230;  Ce reportage a \u00e9t\u00e9 r\u00e9alis\u00e9 en 1993 lors de la remise en place d&rsquo;une nouvelle croix, l&rsquo;ancienne ayant \u00e9t\u00e9 bris\u00e9e probablement lors du d\u00e9barquement des alli\u00e9s en 1944&#8230;<\/p>\n","protected":false},"excerpt":{"rendered":"<p><a href=\"https:\/\/tv-tregor.com\/web-precedent\/www\/streams\/croix.html\" title=\"Regarder le sujet\">Regarder la vid\u00e9o <\/a><\/p>\n<p><a href=\"http:\/\/www.tv-tregor.com\/web-precedent\/www\/streams\/croix.html\" title=\"Regarder le sujet\"><img decoding=\"async\" src=\"https:\/\/tv-tregor.com\/web-precedent\/IMG\/jpg\/gcroix.jpg\" alt=\"gcroix.jpg\" align=\"center\" \/><\/a> <\/p>\n<p> Aujoud&rsquo;hui, un site myst\u00e9rieux sur la c\u00f4te entre Plestin-les-gr\u00e8ves et St Michel-en-Gr\u00e8ve, la croix de mi-lieue. Vous l&rsquo;avez sans doute  \u2026  <a href=\"https:\/\/tv-tregor.com\/web-precedent\/2006\/07\/28\/la-croix-de-mi-lieue-837\/\">&#8230;lire le sujet&#8230; <span class=\"meta-nav\">&rarr; <\/span><\/a><\/p>\n","protected":false},"author":1,"featured_media":0,"comment_status":"open","ping_status":"open","sticky":false,"template":"","format":"standard","meta":{"footnotes":""},"categories":[1],"tags":[],"class_list":["post-137","post","type-post","status-publish","format-standard","hentry","category-non-classe"],"_links":{"self":[{"href":"https:\/\/tv-tregor.com\/web-precedent\/wp-json\/wp\/v2\/posts\/137","targetHints":{"allow":["GET"]}}],"collection":[{"href":"https:\/\/tv-tregor.com\/web-precedent\/wp-json\/wp\/v2\/posts"}],"about":[{"href":"https:\/\/tv-tregor.com\/web-precedent\/wp-json\/wp\/v2\/types\/post"}],"author":[{"embeddable":true,"href":"https:\/\/tv-tregor.com\/web-precedent\/wp-json\/wp\/v2\/users\/1"}],"replies":[{"embeddable":true,"href":"https:\/\/tv-tregor.com\/web-precedent\/wp-json\/wp\/v2\/comments?post=137"}],"version-history":[{"count":0,"href":"https:\/\/tv-tregor.com\/web-precedent\/wp-json\/wp\/v2\/posts\/137\/revisions"}],"wp:attachment":[{"href":"https:\/\/tv-tregor.com\/web-precedent\/wp-json\/wp\/v2\/media?parent=137"}],"wp:term":[{"taxonomy":"category","embeddable":true,"href":"https:\/\/tv-tregor.com\/web-precedent\/wp-json\/wp\/v2\/categories?post=137"},{"taxonomy":"post_tag","embeddable":true,"href":"https:\/\/tv-tregor.com\/web-precedent\/wp-json\/wp\/v2\/tags?post=137"}],"curies":[{"name":"wp","href":"https:\/\/api.w.org\/{rel}","templated":true}]}}