{"id":132,"date":"2006-06-21T08:50:58","date_gmt":"2006-06-21T07:50:58","guid":{"rendered":"http:\/\/tv-tregor.com\/web-precedent\/2006\/06\/21\/sans-papiers-335\/"},"modified":"2006-06-21T08:50:58","modified_gmt":"2006-06-21T07:50:58","slug":"sans-papiers-335","status":"publish","type":"post","link":"https:\/\/tv-tregor.com\/web-precedent\/2006\/06\/21\/sans-papiers-335\/","title":{"rendered":"Sans papiers &#8211; 3&rsquo;35"},"content":{"rendered":"<p><a href=\"https:\/\/tv-tregor.com\/web-precedent\/www\/streams\/sanspapiers.html\" title=\"Regarder le sujet\">Regarder la vid\u00e9o <\/a><\/p>\n<p><a href=\"http:\/\/www.tv-tregor.com\/web-precedent\/www\/streams\/sanspapiers.html\" title=\"Regarder le sujet\"><img decoding=\"async\" src=\"https:\/\/tv-tregor.com\/web-precedent\/IMG\/jpg\/Sans-papier.G.jpg\" alt=\"Sans-papier.G.jpg\" align=\"center\" \/><\/a> <\/p>\n<p>   Chaque jeudi, \u00e0 17 h 30, devant la mairie de Lannion, le collectif de soutien aux sans-papiers appelle chacun \u00e0 se mobiliser afin de d\u00e9noncer l&rsquo;expulsion de Amara Khalifa et d&rsquo;exiger son retour imm\u00e9diat.  Amara Khalifa \u00e0 \u00e9t\u00e9 expuls\u00e9 le jeudi 1er juin vers la Tunisie, laissant \u00e0 Lannion sa compagne handicap\u00e9e et leur fils de 11 mois, sans ressources. Le collectif de soutien d\u00e9nonce une situation intol\u00e9rable, Amara Khalifa est soutien de famille, la pr\u00e9fecture avait renouvel\u00e9 son permis de s\u00e9jour qui lui permettait de travailler comme ma\u00e7on&#8230; Une expulsion incompr\u00e9hensible qui appelle \u00e0 la vigilance vis \u00e0 vis de tous les sans-papiers.<\/p>\n","protected":false},"excerpt":{"rendered":"<p><a href=\"https:\/\/tv-tregor.com\/web-precedent\/www\/streams\/sanspapiers.html\" title=\"Regarder le sujet\">Regarder la vid\u00e9o <\/a><\/p>\n<p><a href=\"http:\/\/www.tv-tregor.com\/web-precedent\/www\/streams\/sanspapiers.html\" title=\"Regarder le sujet\"><img decoding=\"async\" src=\"https:\/\/tv-tregor.com\/web-precedent\/IMG\/jpg\/Sans-papier.G.jpg\" alt=\"Sans-papier.G.jpg\" align=\"center\" \/><\/a> <\/p>\n<p> Chaque jeudi, \u00e0 17 h 30, devant la mairie de Lannion, le collectif de soutien aux sans-papiers appelle chacun \u00e0  \u2026  <a href=\"https:\/\/tv-tregor.com\/web-precedent\/2006\/06\/21\/sans-papiers-335\/\">&#8230;lire le sujet&#8230; <span class=\"meta-nav\">&rarr; <\/span><\/a><\/p>\n","protected":false},"author":1,"featured_media":0,"comment_status":"open","ping_status":"open","sticky":false,"template":"","format":"standard","meta":{"footnotes":""},"categories":[2],"tags":[],"class_list":["post-132","post","type-post","status-publish","format-standard","hentry","category-info-locale"],"_links":{"self":[{"href":"https:\/\/tv-tregor.com\/web-precedent\/wp-json\/wp\/v2\/posts\/132","targetHints":{"allow":["GET"]}}],"collection":[{"href":"https:\/\/tv-tregor.com\/web-precedent\/wp-json\/wp\/v2\/posts"}],"about":[{"href":"https:\/\/tv-tregor.com\/web-precedent\/wp-json\/wp\/v2\/types\/post"}],"author":[{"embeddable":true,"href":"https:\/\/tv-tregor.com\/web-precedent\/wp-json\/wp\/v2\/users\/1"}],"replies":[{"embeddable":true,"href":"https:\/\/tv-tregor.com\/web-precedent\/wp-json\/wp\/v2\/comments?post=132"}],"version-history":[{"count":0,"href":"https:\/\/tv-tregor.com\/web-precedent\/wp-json\/wp\/v2\/posts\/132\/revisions"}],"wp:attachment":[{"href":"https:\/\/tv-tregor.com\/web-precedent\/wp-json\/wp\/v2\/media?parent=132"}],"wp:term":[{"taxonomy":"category","embeddable":true,"href":"https:\/\/tv-tregor.com\/web-precedent\/wp-json\/wp\/v2\/categories?post=132"},{"taxonomy":"post_tag","embeddable":true,"href":"https:\/\/tv-tregor.com\/web-precedent\/wp-json\/wp\/v2\/tags?post=132"}],"curies":[{"name":"wp","href":"https:\/\/api.w.org\/{rel}","templated":true}]}}