{"id":125,"date":"2006-04-27T17:32:30","date_gmt":"2006-04-27T16:32:30","guid":{"rendered":"http:\/\/tv-tregor.com\/web-precedent\/2006\/04\/27\/programme-leader-325\/"},"modified":"2016-01-18T23:32:35","modified_gmt":"2016-01-18T22:32:35","slug":"programme-leader-325","status":"publish","type":"post","link":"https:\/\/tv-tregor.com\/web-precedent\/2006\/04\/27\/programme-leader-325\/","title":{"rendered":"Programme Leader + -3&rsquo;25"},"content":{"rendered":"<p><a title=\"Regarder le sujet\" href=\"https:\/\/tv-tregor.com\/web-precedent\/www\/streams\/leader.html\">Regarder la vid\u00e9o <\/a><\/p>\n<p><a title=\"Regarder le sujet\" href=\"http:\/\/www.tv-tregor.com\/web-precedent\/www\/streams\/leader.html\"><img decoding=\"async\" src=\"https:\/\/tv-tregor.com\/web-precedent\/IMG\/jpg\/gleader.jpg\" alt=\"gleader.jpg\" align=\"center\" \/><\/a><\/p>\n<p>Le programme Europ\u00e9en Leader + g\u00e9r\u00e9 par le Pays du tr\u00e9gor Go\u00eblo a pour objet de soutenir des projets de d\u00e9veloppement rural port\u00e9s par des communes, communaut\u00e9s de communes, entreprises et associations dans une logique de partenariat et d&rsquo;innovation. Les actions soutenues par Leader + s&rsquo;articulent autour du th\u00e8me \u00ab\u00a0Utilisation des savoir-faire et des nouvelles technologies\u00a0\u00bb. Jusqu&rsquo;\u00e0 pr\u00e9sent, 47 projets b\u00e9n\u00e9ficient ou ont b\u00e9n\u00e9fici\u00e9 de l&rsquo;appui financier et technique du programme Leader +. Fort de son exp\u00e9rience, le Pays du Tr\u00e9gor-Go\u00eblo \u00e9largit le champs d&rsquo;intervention du programme Leader + aux th\u00e9matiques li\u00e9es \u00e0 l&rsquo;environnement et aux \u00e9nergies renouvelables, au handicap mental et moteur et \u00e0 l&rsquo;\u00e9quipement TIC des zones d&rsquo;activit\u00e9s intercommunale. Contact: <a href=\"http:\/\/www.paystregorgoelo.com\">http:\/\/www.paystregorgoelo.com<\/a><\/p>\n","protected":false},"excerpt":{"rendered":"<p><a title=\"Regarder le sujet\" href=\"https:\/\/tv-tregor.com\/web-precedent\/www\/streams\/leader.html\">Regarder la vid\u00e9o <\/a><\/p>\n<p><a title=\"Regarder le sujet\" href=\"http:\/\/www.tv-tregor.com\/web-precedent\/www\/streams\/leader.html\"><img decoding=\"async\" src=\"https:\/\/tv-tregor.com\/web-precedent\/IMG\/jpg\/gleader.jpg\" alt=\"gleader.jpg\" align=\"center\" \/><\/a><\/p>\n<p>Le programme Europ\u00e9en Leader + g\u00e9r\u00e9 par le Pays du tr\u00e9gor Go\u00eblo a pour objet de soutenir des projets de d\u00e9veloppement rural  \u2026  <a href=\"https:\/\/tv-tregor.com\/web-precedent\/2006\/04\/27\/programme-leader-325\/\">&#8230;lire le sujet&#8230; <span class=\"meta-nav\">&rarr; <\/span><\/a><\/p>\n","protected":false},"author":1,"featured_media":0,"comment_status":"open","ping_status":"open","sticky":false,"template":"","format":"standard","meta":{"footnotes":""},"categories":[2],"tags":[],"class_list":["post-125","post","type-post","status-publish","format-standard","hentry","category-info-locale"],"_links":{"self":[{"href":"https:\/\/tv-tregor.com\/web-precedent\/wp-json\/wp\/v2\/posts\/125","targetHints":{"allow":["GET"]}}],"collection":[{"href":"https:\/\/tv-tregor.com\/web-precedent\/wp-json\/wp\/v2\/posts"}],"about":[{"href":"https:\/\/tv-tregor.com\/web-precedent\/wp-json\/wp\/v2\/types\/post"}],"author":[{"embeddable":true,"href":"https:\/\/tv-tregor.com\/web-precedent\/wp-json\/wp\/v2\/users\/1"}],"replies":[{"embeddable":true,"href":"https:\/\/tv-tregor.com\/web-precedent\/wp-json\/wp\/v2\/comments?post=125"}],"version-history":[{"count":1,"href":"https:\/\/tv-tregor.com\/web-precedent\/wp-json\/wp\/v2\/posts\/125\/revisions"}],"predecessor-version":[{"id":934,"href":"https:\/\/tv-tregor.com\/web-precedent\/wp-json\/wp\/v2\/posts\/125\/revisions\/934"}],"wp:attachment":[{"href":"https:\/\/tv-tregor.com\/web-precedent\/wp-json\/wp\/v2\/media?parent=125"}],"wp:term":[{"taxonomy":"category","embeddable":true,"href":"https:\/\/tv-tregor.com\/web-precedent\/wp-json\/wp\/v2\/categories?post=125"},{"taxonomy":"post_tag","embeddable":true,"href":"https:\/\/tv-tregor.com\/web-precedent\/wp-json\/wp\/v2\/tags?post=125"}],"curies":[{"name":"wp","href":"https:\/\/api.w.org\/{rel}","templated":true}]}}