{"id":111,"date":"2007-08-03T09:00:00","date_gmt":"2007-08-03T08:00:00","guid":{"rendered":"http:\/\/tv-tregor.com\/web-precedent\/2007\/08\/03\/lannee-2007\/"},"modified":"2007-08-03T09:00:00","modified_gmt":"2007-08-03T08:00:00","slug":"lannee-2007","status":"publish","type":"post","link":"https:\/\/tv-tregor.com\/web-precedent\/2007\/08\/03\/lannee-2007\/","title":{"rendered":"L&rsquo;ann\u00e9e 2007"},"content":{"rendered":"<\/p>\n<h2>Ann\u00e9e 2007<\/h2>\n<p>    <a href=\"https:\/\/tv-tregor.com\/web-precedent\/IMG\/pdf\/tregor100507.pdf\">tregor100507.pdf<\/a><strong>Assembl\u00e9e g\u00e9n\u00e9rale &#8211; 10 mai 2007 &#8211; Le Tregor<\/strong> <\/p>\n<p> <a href=\"https:\/\/tv-tregor.com\/web-precedent\/IMG\/pdf\/tel200407.pdf\">tel200407.pdf<\/a><strong>Court-m\u00e9trage &#8211; 20 avril 2007 &#8211; Le T\u00e9l\u00e9gramme<\/strong> <\/p>\n<p> <a href=\"https:\/\/tv-tregor.com\/web-precedent\/IMG\/pdf\/tel070407.pdf\">tel070407.pdf<\/a><strong>Formation \u00e0 la vid\u00e9o &#8211; 7 avril 2007 &#8211; Le T\u00e9l\u00e9gramme<\/strong> <\/p>\n<p> <a href=\"https:\/\/tv-tregor.com\/web-precedent\/IMG\/pdf\/OF190307.pdf\">OF190307.pdf<\/a><strong>T\u00e9l\u00e9 locale et participative \u00e0 Plourivo &#8211; 19 mars 2007 &#8211; Ouest France<\/strong> <\/p>\n<p> <a href=\"https:\/\/tv-tregor.com\/web-precedent\/IMG\/pdf\/tel130307.pdf\">tel130307.pdf<\/a><strong>La t\u00e9l\u00e9vision en Go\u00eblo &#8211; 16 mars 2007 &#8211; Le T\u00e9l\u00e9gramme<\/strong> <\/p>\n<p> <a href=\"https:\/\/tv-tregor.com\/web-precedent\/IMG\/pdf\/OF130307.pdf\">OF130307.pdf<\/a><strong>R\u00e9union d&rsquo;information \u00e0 Plestin &#8211; 13 mars 2007 &#8211; Ouest France<\/strong> <\/p>\n<p> <a href=\"https:\/\/tv-tregor.com\/web-precedent\/IMG\/pdf\/tel120307.pdf\">tel120307.pdf<\/a><strong>R\u00e9union d&rsquo;information \u00e0 Plestin &#8211; 12 mars 2007 &#8211; Le T\u00e9l\u00e9gramme<\/strong> <\/p>\n<p> <a href=\"https:\/\/tv-tregor.com\/web-precedent\/IMG\/pdf\/Treg080307.pdf\">Treg080307.pdf<\/a><strong>L&rsquo;hebdomadaire IUT&rsquo;V de l&rsquo;IUT journalisme &#8211; 8 mars 2007 &#8211; Le Tr\u00e9gor<\/strong> <\/p>\n<p> <a href=\"https:\/\/tv-tregor.com\/web-precedent\/IMG\/pdf\/OF070307.pdf\">OF070307.pdf<\/a><strong>L&rsquo;hebdomadaire IUT&rsquo;V de l&rsquo;IUT journalisme &#8211; 7 mars 2007 &#8211; Ouest France<\/strong> <\/p>\n<p> <a href=\"https:\/\/tv-tregor.com\/web-precedent\/IMG\/pdf\/tregor010307.pdf\">tregor010307.pdf<\/a><strong>Des formations en vue d&rsquo;une t\u00e9l\u00e9 locale &#8211; 1 mars 2007 &#8211; Le Tr\u00e9gor<\/strong> <\/p>\n<p> <a href=\"https:\/\/tv-tregor.com\/web-precedent\/IMG\/pdf\/OF270207.pdf\">OF270207.pdf<\/a><strong>R\u00e9union d&rsquo;information \u00e0 La Roche-Derrien &#8211; 27 f\u00e9vrier 2007 &#8211; Ouest France<\/strong> <\/p>\n<p> <a href=\"https:\/\/tv-tregor.com\/web-precedent\/IMG\/pdf\/tel240207.pdf\">tel240207.pdf<\/a><strong>R\u00e9union publique &#8211; 24 f\u00e9vrier 2007 &#8211; Le T\u00e9l\u00e9gramme<\/strong> <\/p>\n<p> <a href=\"https:\/\/tv-tregor.com\/web-precedent\/IMG\/pdf\/tregor220207bis.pdf\">tregor220207bis.pdf<\/a><strong>R\u00e9union d&rsquo;information \u00e0 Penv\u00e9nan &#8211; 22 f\u00e9vrier 2007 &#8211; Le Tr\u00e9gor<\/strong> <\/p>\n<p> <a href=\"https:\/\/tv-tregor.com\/web-precedent\/IMG\/pdf\/tregor220207.pdf\">tregor220207.pdf<\/a><strong>Rencontre pour une t\u00e9l\u00e9vision participative en milieu rural &#8211; 22 f\u00e9vrier 2007 &#8211; Le Tr\u00e9gor<\/strong> <\/p>\n<p> <a href=\"https:\/\/tv-tregor.com\/web-precedent\/IMG\/pdf\/tel200207.pdf\">tel200207.pdf<\/a><strong>R\u00e9union d&rsquo;information  dans les locaux de Tr\u00e9gor Vid\u00e9o &#8211; 20 f\u00e9vrier 2007 &#8211; Le T\u00e9l\u00e9gramme<\/strong> <\/p>\n<p> <a href=\"https:\/\/tv-tregor.com\/web-precedent\/IMG\/pdf\/OF130207.pdf\">OF130207.pdf<\/a><strong>R\u00e9union publique \u00e0 Penv\u00e9nan &#8211; 13 f\u00e9vrier 2007 &#8211; Ouest France<\/strong> <\/p>\n<p> <a href=\"https:\/\/tv-tregor.com\/web-precedent\/IMG\/pdf\/tel120207.pdf\">tel120207.pdf<\/a><strong>R\u00e9union d&rsquo;information  \u00e0 Penv\u00e9nan &#8211; 12 f\u00e9vrier 2007 &#8211; Le T\u00e9l\u00e9gramme<\/strong> <\/p>\n<p> <a href=\"https:\/\/tv-tregor.com\/web-precedent\/IMG\/pdf\/Tregor010207.pdf\">Tregor010207.pdf<\/a><strong>R\u00e9union d&rsquo;information  \u00e0 Cavan &#8211; 1 f\u00e9vrier 2007 &#8211; Le Tr\u00e9gor<\/strong> <\/p>\n<p> <a href=\"https:\/\/tv-tregor.com\/web-precedent\/IMG\/pdf\/OF010207.pdf\">OF010207.pdf<\/a><strong>Pr\u00e9sentation aux \u00e9lus de la CC de Beg ar C&rsquo;hra &#8211; 1 f\u00e9vrier 2007 &#8211; Ouest France<\/strong> <\/p>\n<p> <a href=\"https:\/\/tv-tregor.com\/web-precedent\/IMG\/pdf\/OF300107.pdf\">OF300107.pdf<\/a><strong>R\u00e9union publique  \u00e0 Cavan &#8211; 30 janvier 2007 &#8211; Ouest France<\/strong> <\/p>\n<p> <a href=\"https:\/\/tv-tregor.com\/web-precedent\/IMG\/pdf\/Tregor250107.pdf\">Tregor250107.pdf<\/a><strong>Pr\u00e9sentation \u00e0 la maison du d\u00e9veloppement &#8211; 25 janvier 2007 &#8211; Le Tr\u00e9gor<\/strong> <\/p>\n<p> <a href=\"https:\/\/tv-tregor.com\/web-precedent\/IMG\/pdf\/OF220107.pdf\">OF220107.pdf<\/a><strong>R\u00e9union publique  \u00e0 Plouaret &#8211; 22 janvier 2007 &#8211; Ouest France<\/strong> <\/p>\n<p> <a href=\"https:\/\/tv-tregor.com\/web-precedent\/IMG\/pdf\/tel210107.pdf\">tel210107.pdf<\/a><strong>Une t\u00e9l\u00e9vision participative en projet &#8211; 21 janvier 2007 &#8211; Le T\u00e9l\u00e9gramme<\/strong> <\/p>\n<p> <a href=\"https:\/\/tv-tregor.com\/web-precedent\/IMG\/pdf\/Tregor110107.pdf\">Tregor110107.pdf<\/a><strong>Une t\u00e9l\u00e9vision locale pour tous &#8211; 11 janvier 2007 &#8211; Le Tr\u00e9gor<\/strong> <\/p>\n<p> <a href=\"https:\/\/tv-tregor.com\/web-precedent\/IMG\/pdf\/OF100107.pdf\">OF100107.pdf<\/a><strong>Recherche de b\u00e9n\u00e9voles &#8211; 10 janvier 2007 &#8211; Ouest France<\/strong> <\/p>\n<p>  <\/p>\n","protected":false},"excerpt":{"rendered":"<\/p>\n<h2>Ann\u00e9e 2007<\/h2>\n<p> <a href=\"https:\/\/tv-tregor.com\/web-precedent\/IMG\/pdf\/tregor100507.pdf\">tregor100507.pdf<\/a><strong>Assembl\u00e9e g\u00e9n\u00e9rale &#8211; 10 mai 2007 &#8211; Le Tregor<\/strong> <\/p>\n<p> <a href=\"https:\/\/tv-tregor.com\/web-precedent\/IMG\/pdf\/tel200407.pdf\">tel200407.pdf<\/a><strong>Court-m\u00e9trage &#8211; 20 avril 2007 &#8211; Le T\u00e9l\u00e9gramme<\/strong> <\/p>\n<p> <a href=\"https:\/\/tv-tregor.com\/web-precedent\/IMG\/pdf\/tel070407.pdf\">tel070407.pdf<\/a><strong>Formation \u00e0 la vid\u00e9o &#8211; 7 avril 2007 &#8211; Le T\u00e9l\u00e9gramme<\/strong> <\/p>\n<p>  \u2026  <a href=\"https:\/\/tv-tregor.com\/web-precedent\/2007\/08\/03\/lannee-2007\/\">&#8230;lire le sujet&#8230; <span class=\"meta-nav\">&rarr; <\/span><\/a><\/p>\n","protected":false},"author":1,"featured_media":0,"comment_status":"open","ping_status":"open","sticky":false,"template":"","format":"standard","meta":{"footnotes":""},"categories":[51],"tags":[],"class_list":["post-111","post","type-post","status-publish","format-standard","hentry","category-la-presse-en-parle"],"_links":{"self":[{"href":"https:\/\/tv-tregor.com\/web-precedent\/wp-json\/wp\/v2\/posts\/111","targetHints":{"allow":["GET"]}}],"collection":[{"href":"https:\/\/tv-tregor.com\/web-precedent\/wp-json\/wp\/v2\/posts"}],"about":[{"href":"https:\/\/tv-tregor.com\/web-precedent\/wp-json\/wp\/v2\/types\/post"}],"author":[{"embeddable":true,"href":"https:\/\/tv-tregor.com\/web-precedent\/wp-json\/wp\/v2\/users\/1"}],"replies":[{"embeddable":true,"href":"https:\/\/tv-tregor.com\/web-precedent\/wp-json\/wp\/v2\/comments?post=111"}],"version-history":[{"count":0,"href":"https:\/\/tv-tregor.com\/web-precedent\/wp-json\/wp\/v2\/posts\/111\/revisions"}],"wp:attachment":[{"href":"https:\/\/tv-tregor.com\/web-precedent\/wp-json\/wp\/v2\/media?parent=111"}],"wp:term":[{"taxonomy":"category","embeddable":true,"href":"https:\/\/tv-tregor.com\/web-precedent\/wp-json\/wp\/v2\/categories?post=111"},{"taxonomy":"post_tag","embeddable":true,"href":"https:\/\/tv-tregor.com\/web-precedent\/wp-json\/wp\/v2\/tags?post=111"}],"curies":[{"name":"wp","href":"https:\/\/api.w.org\/{rel}","templated":true}]}}