{"id":107,"date":"2006-02-14T11:19:24","date_gmt":"2006-02-14T10:19:24","guid":{"rendered":"http:\/\/tv-tregor.com\/web-precedent\/2006\/02\/14\/cpe-518\/"},"modified":"2006-02-14T11:19:24","modified_gmt":"2006-02-14T10:19:24","slug":"cpe-518","status":"publish","type":"post","link":"https:\/\/tv-tregor.com\/web-precedent\/2006\/02\/14\/cpe-518\/","title":{"rendered":"CPE &#8211; 5&rsquo;18"},"content":{"rendered":"<p><a href=\"https:\/\/tv-tregor.com\/web-precedent\/www\/streams\/cpe.html\" title=\"Regarder le sujet\">Regarder la vid\u00e9o <\/a><\/p>\n<p><a href=\"http:\/\/www.tv-tregor.com\/web-precedent\/www\/streams\/cpe.html\" title=\"Regarder le sujet\"><img decoding=\"async\" src=\"https:\/\/tv-tregor.com\/web-precedent\/IMG\/jpg\/manif250.jpg\" alt=\"manif250.jpg\" align=\"center\" \/><\/a> <\/p>\n<p>  Le contrat premi\u00e8re embauche (le CPE) pr\u00e9sent\u00e9 par le chef du gouvernement, Dominique De Villepin, dans le cadre du projet de loi sur l&rsquo;\u00e9galit\u00e9 des chances, suscite beaucoup de m\u00e9contentement. Les lyc\u00e9ens et \u00e9tudiants lannionnais manifestent depuis une semaine et organisent des op\u00e9rations coups de poings sur l&rsquo;agglom\u00e9ration (trains, rond-points et \u00e9tablissements scolaires bloqu\u00e9s). Tous veulent montrer que le CPE revient \u00e0 pratiquer une politique Kleenex.  <strong>Compl\u00e9ment<\/strong>  <strong>Lundi 13, les \u00e9tudiants de l&rsquo;IUT de Lannion ne baissent pas les bras. Apr\u00e8s les manifestations de la semaine pr\u00e9c\u00e9dente contre le CPE, 250 \u00e9tudiants se sont mobilis\u00e9s pour une action coup de poing en gare de Plouaret Tr\u00e9gor.<\/strong>  <a href=\"http:\/\/www.tv-tregor.com\/web-precedent\/www\/streams\/acpe.html\" title=\"Regarder le sujet\">Voir ces images<\/a><\/p>\n","protected":false},"excerpt":{"rendered":"<p><a href=\"https:\/\/tv-tregor.com\/web-precedent\/www\/streams\/cpe.html\" title=\"Regarder le sujet\">Regarder la vid\u00e9o <\/a><\/p>\n<p><a href=\"http:\/\/www.tv-tregor.com\/web-precedent\/www\/streams\/cpe.html\" title=\"Regarder le sujet\"><img decoding=\"async\" src=\"https:\/\/tv-tregor.com\/web-precedent\/IMG\/jpg\/manif250.jpg\" alt=\"manif250.jpg\" align=\"center\" \/><\/a> <\/p>\n<p> Le contrat premi\u00e8re embauche (le CPE) pr\u00e9sent\u00e9 par le chef du gouvernement, Dominique De Villepin, dans le cadre du projet  \u2026  <a href=\"https:\/\/tv-tregor.com\/web-precedent\/2006\/02\/14\/cpe-518\/\">&#8230;lire le sujet&#8230; <span class=\"meta-nav\">&rarr; <\/span><\/a><\/p>\n","protected":false},"author":1,"featured_media":0,"comment_status":"open","ping_status":"open","sticky":false,"template":"","format":"standard","meta":{"footnotes":""},"categories":[2],"tags":[],"class_list":["post-107","post","type-post","status-publish","format-standard","hentry","category-info-locale"],"_links":{"self":[{"href":"https:\/\/tv-tregor.com\/web-precedent\/wp-json\/wp\/v2\/posts\/107","targetHints":{"allow":["GET"]}}],"collection":[{"href":"https:\/\/tv-tregor.com\/web-precedent\/wp-json\/wp\/v2\/posts"}],"about":[{"href":"https:\/\/tv-tregor.com\/web-precedent\/wp-json\/wp\/v2\/types\/post"}],"author":[{"embeddable":true,"href":"https:\/\/tv-tregor.com\/web-precedent\/wp-json\/wp\/v2\/users\/1"}],"replies":[{"embeddable":true,"href":"https:\/\/tv-tregor.com\/web-precedent\/wp-json\/wp\/v2\/comments?post=107"}],"version-history":[{"count":0,"href":"https:\/\/tv-tregor.com\/web-precedent\/wp-json\/wp\/v2\/posts\/107\/revisions"}],"wp:attachment":[{"href":"https:\/\/tv-tregor.com\/web-precedent\/wp-json\/wp\/v2\/media?parent=107"}],"wp:term":[{"taxonomy":"category","embeddable":true,"href":"https:\/\/tv-tregor.com\/web-precedent\/wp-json\/wp\/v2\/categories?post=107"},{"taxonomy":"post_tag","embeddable":true,"href":"https:\/\/tv-tregor.com\/web-precedent\/wp-json\/wp\/v2\/tags?post=107"}],"curies":[{"name":"wp","href":"https:\/\/api.w.org\/{rel}","templated":true}]}}