{"id":103,"date":"2006-01-19T09:17:39","date_gmt":"2006-01-19T08:17:39","guid":{"rendered":"http:\/\/tv-tregor.com\/web-precedent\/2006\/01\/19\/jacques-tilly-une-aventure-industrielle-deux-parties\/"},"modified":"2006-01-19T09:17:39","modified_gmt":"2006-01-19T08:17:39","slug":"jacques-tilly-une-aventure-industrielle-deux-parties","status":"publish","type":"post","link":"https:\/\/tv-tregor.com\/web-precedent\/2006\/01\/19\/jacques-tilly-une-aventure-industrielle-deux-parties\/","title":{"rendered":"Jacques Tilly, une aventure industrielle &#8211; Deux parties"},"content":{"rendered":"<\/p>\n<p><a href=\"http:\/\/www.tv-tregor.com\/web-precedent\/www\/streams\/tillya.html\" title=\"Regarder le sujet\"><img decoding=\"async\" src=\"https:\/\/tv-tregor.com\/web-precedent\/IMG\/jpg\/GATilly.jpg\" alt=\"GATilly.jpg\" align=\"center\" \/><\/a> <\/p>\n<p>  <a href=\"http:\/\/www.tv-tregor.com\/web-precedent\/www\/streams\/tillyb.html\" title=\"Regarder le sujet\"><img decoding=\"async\" src=\"https:\/\/tv-tregor.com\/web-precedent\/IMG\/jpg\/GBTilly.jpg\" alt=\"GBTilly.jpg\" align=\"center\" \/><\/a>  Jacques Tilly est d\u00e9c\u00e9d\u00e9 \u00e0 Guerlesquin le 27 d\u00e9cembre dernier, il avait 74 ans. Personnage hors normes, il avait cr\u00e9\u00e9 en 1956 un abattoir de volailles artisanal qui deviendra, dans les ann\u00e9es 60, une entreprise employant jusqu&rsquo;\u00e0 800 salari\u00e9s, reconstituant ainsi le bassin \u00e9conomique de la r\u00e9gion. En 1996, pour les besoins d&rsquo;un film sur Guerlesquin, nous avions rencontr\u00e9 Jacques Tilly qui nous avait longuement parl\u00e9 de son attachement \u00e0 \u00ab\u00a0sa ville\u00a0\u00bb \u00e0 travers son aventure \u00e9conomique et son r\u00f4le de maire. La disparition d&rsquo;un tel personnage ne laisse personne indiff\u00e9rent, pour m\u00e9moire, nous avons extrait une partie de l&rsquo;entrevue qu&rsquo;il nous avait accord\u00e9e et o\u00f9 il raconte les d\u00e9buts de son entreprise&#8230;  <a href=\"http:\/\/www.tv-tregor.com\/web-precedent\/www\/streams\/tillya.html\" title=\"Regarder le sujet\"><strong>Vid\u00e9o partie 1 &#8211; 5&rsquo;53<\/strong><\/a>  <a href=\"http:\/\/www.tv-tregor.com\/web-precedent\/www\/streams\/tillyb.html\" title=\"Regarder le sujet\"><strong>Vid\u00e9o partie 2 &#8211; 4&rsquo;28<\/strong><\/a> <\/p>\n","protected":false},"excerpt":{"rendered":"<\/p>\n<p><a href=\"http:\/\/www.tv-tregor.com\/web-precedent\/www\/streams\/tillya.html\" title=\"Regarder le sujet\"><img decoding=\"async\" src=\"https:\/\/tv-tregor.com\/web-precedent\/IMG\/jpg\/GATilly.jpg\" alt=\"GATilly.jpg\" align=\"center\" \/><\/a> <\/p>\n<p> <a href=\"http:\/\/www.tv-tregor.com\/web-precedent\/www\/streams\/tillyb.html\" title=\"Regarder le sujet\"><img decoding=\"async\" src=\"https:\/\/tv-tregor.com\/web-precedent\/IMG\/jpg\/GBTilly.jpg\" alt=\"GBTilly.jpg\" align=\"center\" \/><\/a> Jacques Tilly est d\u00e9c\u00e9d\u00e9 \u00e0 Guerlesquin le 27 d\u00e9cembre dernier, il avait 74 ans. Personnage hors normes,  \u2026  <a href=\"https:\/\/tv-tregor.com\/web-precedent\/2006\/01\/19\/jacques-tilly-une-aventure-industrielle-deux-parties\/\">&#8230;lire le sujet&#8230; <span class=\"meta-nav\">&rarr; <\/span><\/a><\/p>\n","protected":false},"author":1,"featured_media":0,"comment_status":"open","ping_status":"open","sticky":false,"template":"","format":"standard","meta":{"footnotes":""},"categories":[2],"tags":[],"class_list":["post-103","post","type-post","status-publish","format-standard","hentry","category-info-locale"],"_links":{"self":[{"href":"https:\/\/tv-tregor.com\/web-precedent\/wp-json\/wp\/v2\/posts\/103","targetHints":{"allow":["GET"]}}],"collection":[{"href":"https:\/\/tv-tregor.com\/web-precedent\/wp-json\/wp\/v2\/posts"}],"about":[{"href":"https:\/\/tv-tregor.com\/web-precedent\/wp-json\/wp\/v2\/types\/post"}],"author":[{"embeddable":true,"href":"https:\/\/tv-tregor.com\/web-precedent\/wp-json\/wp\/v2\/users\/1"}],"replies":[{"embeddable":true,"href":"https:\/\/tv-tregor.com\/web-precedent\/wp-json\/wp\/v2\/comments?post=103"}],"version-history":[{"count":0,"href":"https:\/\/tv-tregor.com\/web-precedent\/wp-json\/wp\/v2\/posts\/103\/revisions"}],"wp:attachment":[{"href":"https:\/\/tv-tregor.com\/web-precedent\/wp-json\/wp\/v2\/media?parent=103"}],"wp:term":[{"taxonomy":"category","embeddable":true,"href":"https:\/\/tv-tregor.com\/web-precedent\/wp-json\/wp\/v2\/categories?post=103"},{"taxonomy":"post_tag","embeddable":true,"href":"https:\/\/tv-tregor.com\/web-precedent\/wp-json\/wp\/v2\/tags?post=103"}],"curies":[{"name":"wp","href":"https:\/\/api.w.org\/{rel}","templated":true}]}}