{"id":43,"count":3,"description":" Notre t\u00e9l\u00e9vision locale sur la TNT - Pourquoi pas\r\n\r\nDepuis le lancement de sa t\u00e9l\u00e9-web il y a trois ans, l\u2019association Tr\u00e9gor-Vid\u00e9o souhaite faire \u00e9voluer ce projet vers une t\u00e9l\u00e9vision de plein exercice, t\u00e9l\u00e9vision locale ou de proximit\u00e9, qui serait diffus\u00e9e largement gr\u00e2ce \u00e0 l\u2019\u00e9volution de la technique du num\u00e9rique hertzien , appel\u00e9 aussi TNT. \r\n\r\nPour en savoir plus, consultez les articles ci-dessous ou t\u00e9l\u00e9chargez le document pdf ayant servi de support \u00e0 notre conf\u00e9rence de presse du 4 octobre : \r\n\r\n<a href=\"http:\/\/www.tv-tregor.com\/IMG\/pdf\/Conf-presse-740.pdf\">le document<\/a>*\r\n\r\nLe 13 d\u00e9cembre 2007 deux repr\u00e9sentants de Tr\u00e9gor-Vid\u00e9o ont particip\u00e9 \u00e0 une r\u00e9union organis\u00e9e par le CSA \u00e0 Paris pour aborder la place des t\u00e9l\u00e9visions locales dans le PAF. Le compte-rendu de cette r\u00e9union fait par les VDPQ est accessible via <a href=\"http:\/\/www.tv-tregor.com\/IMG\/pdf\/Synthese_reunion_CSA_13dec.pdf\">ce lien<\/a>\r\n","link":"https:\/\/tv-tregor.com\/web-precedent\/category\/projet-television-locale-sur-tnt\/","name":"Projet t\u00e9l\u00e9vision locale sur TNT","slug":"projet-television-locale-sur-tnt","taxonomy":"category","parent":0,"meta":[],"_links":{"self":[{"href":"https:\/\/tv-tregor.com\/web-precedent\/wp-json\/wp\/v2\/categories\/43","targetHints":{"allow":["GET"]}}],"collection":[{"href":"https:\/\/tv-tregor.com\/web-precedent\/wp-json\/wp\/v2\/categories"}],"about":[{"href":"https:\/\/tv-tregor.com\/web-precedent\/wp-json\/wp\/v2\/taxonomies\/category"}],"wp:post_type":[{"href":"https:\/\/tv-tregor.com\/web-precedent\/wp-json\/wp\/v2\/posts?categories=43"}],"curies":[{"name":"wp","href":"https:\/\/api.w.org\/{rel}","templated":true}]}}