{"id":3,"count":8,"description":"Nous ne souhaitions pas laisser un ph\u00e9nom\u00e8ne si important de c\u00f4t\u00e9. A travers les \u00e2ges la musique fait \u00e9cho dans la m\u00e9moire collective.\r\n\r\nVous trouverez ici des clips produits par l'association, des \u00e9missions musicales, des reportages sur les \u00e9v\u00e8nements musicaux qui nous semblent m\u00e9riter un relais et bient\u00f4t une tribune d'expression pour les associations du Tr\u00e9gor-Go\u00eblo qui oeuvrent dans ce domaine.\r\n\r\nPetite note sur les clips : vous pouvez <a href=\"art28\">contacter TV-tregor<\/a> si vous avez un projet de clip et que vous \u00eates domicili\u00e9 dans le Tr\u00e9gor-Go\u00eblo. Nous pouvons vous aidez \u00e0 le r\u00e9aliser.","link":"https:\/\/tv-tregor.com\/web-precedent\/category\/musique\/","name":"Musique","slug":"musique","taxonomy":"category","parent":0,"meta":[],"_links":{"self":[{"href":"https:\/\/tv-tregor.com\/web-precedent\/wp-json\/wp\/v2\/categories\/3","targetHints":{"allow":["GET"]}}],"collection":[{"href":"https:\/\/tv-tregor.com\/web-precedent\/wp-json\/wp\/v2\/categories"}],"about":[{"href":"https:\/\/tv-tregor.com\/web-precedent\/wp-json\/wp\/v2\/taxonomies\/category"}],"wp:post_type":[{"href":"https:\/\/tv-tregor.com\/web-precedent\/wp-json\/wp\/v2\/posts?categories=3"}],"curies":[{"name":"wp","href":"https:\/\/api.w.org\/{rel}","templated":true}]}}