{"id":26,"count":4,"description":"Parce qu'eux aussi ils participent \u00e0 la vie audiovisuelle du Tr\u00e9gor-Go\u00eblo, parce qu'eux aussi ils s'expriment, vous trouverez ici des films r\u00e9alis\u00e9s en partenariat avec TV-TREGOR.\r\n\r\n<a href=\"art28\">Envie de monter un projet en rapport avec la vid\u00e9o ? Vous pouvez contacter TV-Tregor<\/a>. Enseignants, administrations, entreprises, collectivit\u00e9s, si vous souhaitez r\u00e9aliser un projet vid\u00e9o, n'h\u00e9sitez pas.\r\n","link":"https:\/\/tv-tregor.com\/web-precedent\/category\/cine-courts-metrages\/les-films-de-formations\/","name":"Les films de formations","slug":"les-films-de-formations","taxonomy":"category","parent":34,"meta":[],"_links":{"self":[{"href":"https:\/\/tv-tregor.com\/web-precedent\/wp-json\/wp\/v2\/categories\/26","targetHints":{"allow":["GET"]}}],"collection":[{"href":"https:\/\/tv-tregor.com\/web-precedent\/wp-json\/wp\/v2\/categories"}],"about":[{"href":"https:\/\/tv-tregor.com\/web-precedent\/wp-json\/wp\/v2\/taxonomies\/category"}],"up":[{"embeddable":true,"href":"https:\/\/tv-tregor.com\/web-precedent\/wp-json\/wp\/v2\/categories\/34"}],"wp:post_type":[{"href":"https:\/\/tv-tregor.com\/web-precedent\/wp-json\/wp\/v2\/posts?categories=26"}],"curies":[{"name":"wp","href":"https:\/\/api.w.org\/{rel}","templated":true}]}}